{"id":10378,"date":"2023-01-12T22:42:33","date_gmt":"2023-01-12T20:42:33","guid":{"rendered":"https:\/\/www.ortodoxmd.eu\/?p=10378"},"modified":"2023-01-12T22:55:11","modified_gmt":"2023-01-12T20:55:11","slug":"teologi-din-toata-lumea-participa-la-conferinta-mondiala-la-volos-grecia","status":"publish","type":"post","link":"http:\/\/www.ortodoxmd.eu\/en\/teologi-din-toata-lumea-participa-la-conferinta-mondiala-la-volos-grecia\/","title":{"rendered":"(Rom\u00e2n\u0103) Teologi din toat\u0103 lumea particip\u0103 la Conferin\u021ba mondial\u0103 la Volos (Grecia)"},"content":{"rendered":"<p class=\"qtranxs-available-languages-message qtranxs-available-languages-message-en\">Sorry, this entry is only available in <a href=\"http:\/\/www.ortodoxmd.eu\/ro\/wp-json\/wp\/v2\/posts\/10378\" class=\"qtranxs-available-language-link qtranxs-available-language-link-ro\" title=\"Rom\u00e2n\u0103\">Rom\u00e2n\u0103<\/a>.<\/p>","protected":false},"excerpt":{"rendered":"<p class=\"qtranxs-available-languages-message qtranxs-available-languages-message-en\">Sorry, this entry is only available in <a href=\"http:\/\/www.ortodoxmd.eu\/ro\/wp-json\/wp\/v2\/posts\/10378\" class=\"qtranxs-available-language-link qtranxs-available-language-link-ro\" title=\"Rom\u00e2n\u0103\">Rom\u00e2n\u0103<\/a>.<\/p>\n","protected":false},"author":1,"featured_media":10379,"comment_status":"open","ping_status":"closed","sticky":false,"template":"","format":"standard","meta":{"_jetpack_memberships_contains_paid_content":false,"footnotes":""},"categories":[1,11,5],"tags":[],"class_list":["post-10378","post","type-post","status-publish","format-standard","has-post-thumbnail","hentry","category-anunturi","category-noutati","category-stiri"],"jetpack_featured_media_url":"https:\/\/i0.wp.com\/www.ortodoxmd.eu\/wp-content\/uploads\/2023\/01\/1.jpg?fit=1200%2C1600&ssl=1","jetpack_shortlink":"https:\/\/wp.me\/p2NLBd-2Ho","jetpack_sharing_enabled":true,"_links":{"self":[{"href":"http:\/\/www.ortodoxmd.eu\/en\/wp-json\/wp\/v2\/posts\/10378","targetHints":{"allow":["GET"]}}],"collection":[{"href":"http:\/\/www.ortodoxmd.eu\/en\/wp-json\/wp\/v2\/posts"}],"about":[{"href":"http:\/\/www.ortodoxmd.eu\/en\/wp-json\/wp\/v2\/types\/post"}],"author":[{"embeddable":true,"href":"http:\/\/www.ortodoxmd.eu\/en\/wp-json\/wp\/v2\/users\/1"}],"replies":[{"embeddable":true,"href":"http:\/\/www.ortodoxmd.eu\/en\/wp-json\/wp\/v2\/comments?post=10378"}],"version-history":[{"count":3,"href":"http:\/\/www.ortodoxmd.eu\/en\/wp-json\/wp\/v2\/posts\/10378\/revisions"}],"predecessor-version":[{"id":10384,"href":"http:\/\/www.ortodoxmd.eu\/en\/wp-json\/wp\/v2\/posts\/10378\/revisions\/10384"}],"wp:featuredmedia":[{"embeddable":true,"href":"http:\/\/www.ortodoxmd.eu\/en\/wp-json\/wp\/v2\/media\/10379"}],"wp:attachment":[{"href":"http:\/\/www.ortodoxmd.eu\/en\/wp-json\/wp\/v2\/media?parent=10378"}],"wp:term":[{"taxonomy":"category","embeddable":true,"href":"http:\/\/www.ortodoxmd.eu\/en\/wp-json\/wp\/v2\/categories?post=10378"},{"taxonomy":"post_tag","embeddable":true,"href":"http:\/\/www.ortodoxmd.eu\/en\/wp-json\/wp\/v2\/tags?post=10378"}],"curies":[{"name":"wp","href":"https:\/\/api.w.org\/{rel}","templated":true}]}}