{"id":5172,"date":"2015-01-05T22:06:31","date_gmt":"2015-01-05T20:06:31","guid":{"rendered":"http:\/\/www.ortodoxmd.eu\/?p=5172"},"modified":"2015-09-25T12:52:59","modified_gmt":"2015-09-25T10:52:59","slug":"pastorala-inaltpreasfintitului-mitropolit-vladimir-la-nasterea-domnului-nostru-iisus-hristos","status":"publish","type":"post","link":"http:\/\/www.ortodoxmd.eu\/en\/pastorala-inaltpreasfintitului-mitropolit-vladimir-la-nasterea-domnului-nostru-iisus-hristos\/","title":{"rendered":"Pastorala \u00cenaltpreasfin\u021bitului Mitropolit Vladimir la Na\u015fterea Domnului nostru Iisus Hristos"},"content":{"rendered":"<p><em><strong>\u201eEu, Lumin\u0103 am venit \u00een lume, ca tot cel ce crede \u00een Mine s\u0103 nu r\u0103m\u00e2n\u0103 \u00een \u00eentuneric\u201d (Ioan 12, 46) <\/strong><\/em><\/p>\n<p style=\"text-align: center;\"><strong>Preasfin\u021bi\u021bi ierarhi, Preacinstit cler slujitor, \u00eentru Hristos r\u00e2vnitori monahi \u015fi monahii, Drept-m\u0103ritori credincio\u0219i! <\/strong><\/p>\n<p>Prin purtarea de grij\u0103 a lui Dumnezeu, am ajuns \u015fi \u00een acest an, la marele praznic care a \u00eennoit legile firii \u2013 <strong>Na\u0219terea Domnului nostru Iisus Hristos<\/strong>.<\/p>\n<p>Afl\u00e2ndu-ne \u00een atmosfera de binecuv\u00e2ntare \u015fi tihn\u0103 a s\u0103rb\u0103torii, avem certitudinea c\u0103 \u201e<em>Dumnezeu este cu noi<\/em>\u201d, avem credin\u021ba c\u0103 \u201e<em>Tat\u0103l nostru care este \u00een ceruri<\/em>\u201d nu ne-a p\u0103r\u0103sit \u015fi putem iar\u0103\u0219i m\u0103rturisi tuturor neamurilor c\u0103 \u201e<em>Legea prin Moise s-a dat, iar harul \u015fi adev\u0103rul au venit prin Iisus Hristos<\/em>\u201d (Ioan 1, 17).<\/p>\n<p>Bucuria \u015fi lumina cuno\u0219tin\u021bei, pacea pe p\u0103m\u00e2nt \u015fi bun\u0103voirea \u00eentre oameni au fost aduse de Fiul lui Dumnezeu, \u201e<em>Soarele drept\u0103\u021bi<\/em>i\u201d \u015fi \u201e<em>R\u0103s\u0103ritul Cel de Sus<\/em>\u201d, care la \u201e<em>plinirea vremii<\/em>\u201d S-a n\u0103scut din Fecioara Maria, El care este \u201e<em>mai \u00eenainte de veci<\/em>\u201d \u015fi \u00een care s-au plinit toate profe\u021biile Vechiului Testament.<\/p>\n<p>Evanghelistul vetero-testamentar \u2013 Isaia prorocul \u015fi Sf\u00e2ntul Apostol Matei \u2013 binevestitorul din Legea Harului, m\u0103rturisesc urm\u0103toarele: \u201e<em>Iat\u0103, Fecioara va avea \u00een p\u00e2ntece \u015fi va na\u0219te Fiu \u015fi vor chema numele Lui Emanuel care se t\u00e2lcuie\u0219te: Cu noi este Dumnezeu<\/em>\u201d (Matei 1, 23). Aceast\u0103 profe\u021bie \u00eemplinit\u0103 la Praznicul Na\u0219terii Domnului, al\u0103turi de toate celelalte proorocii, ne ajut\u0103 s\u0103 \u00een\u021belegem iar\u0103\u0219i c\u0103 \u201ei<em>eri, ast\u0103zi \u015fi \u00een veci \u2013 Dumnezeu Tat\u0103l, Fiul \u015fi Sf\u00e2ntul Duh<\/em>\u201d nu ne-au p\u0103r\u0103sit, ci sunt \u015fi vor fi cu noi, \u00een mijlocul nostru, \u00een via\u021ba \u015fi familia noastr\u0103, \u00een comunitatea \u00een care ne rug\u0103m \u015fi ne lucr\u0103m m\u00e2ntuirea sufletelor noastre.<\/p>\n<p>Ast\u0103zi se re\u00eennoie\u0219te minunea unirii cerului cu p\u0103m\u00e2ntul. S\u0103 cuget\u0103m la \u201e<em>taina cea din veac ascuns\u0103 \u015fi de oameni ne\u0219tiut\u0103<\/em>\u201d (Romani 16, 25), c\u0103ci \u00eentr-o pe\u0219ter\u0103 s\u0103rac\u0103 a r\u0103s\u0103rit \u201e<em>Soarele drept\u0103\u021bii<\/em>\u201d din Maria Fecioara, Care a venit s\u0103 fie Lumina neamurilor \u015fi a r\u0103sp\u00e2ndit lumina pe p\u0103m\u00e2nt. A str\u0103lucit \u00een noapte tot \u021binutul Betleemului, i-a surprins pe p\u0103stori dormind \u015fi i-a trezit, iar ei cople\u0219i\u021bi de aceste raze str\u0103lucitoare au venit la pe\u0219ter\u0103 unde au aflat minunea, c\u0103 Cel f\u0103r\u0103 de \u00eenceput, \u00eenconjurat de slav\u0103 \u015fi de \u00eengeri, este acum \u00een bra\u021bele Preacuratei Maici, Fecioara Maria.<\/p>\n<p>Pruncul Hristos, Domnul bucuriei noastre, a venit ca Lumin\u0103 dumnezeiasc\u0103 s\u0103 lumineze via\u021ba noastr\u0103 \u015fi c\u0103mara sufletului zbuciumat. El a venit cu f\u0103g\u0103duin\u021ba m\u00e2ntuirii noastre prin jertfa Sa. Preaiubi\u0163i fra\u0163i \u015fi surori, Asigur\u00e2ndu-v\u0103 p\u0103rinte\u0219te, c\u0103 \u015fi \u00een acest an pe care \u00eel \u00eencheiem, Sf\u00e2nta noastr\u0103 Biseric\u0103 Ortodox\u0103 din Moldova \u015fi-a \u00eendeplinit misiunea sacr\u0103, slujitoare \u015fi m\u00e2ntuitoare, ne rug\u0103m fierbinte Fiului S\u0103u, Iisus Hristos Domnul, s\u0103 renasc\u0103 \u00een via\u021ba poporului nostru credin\u021ba \u015fi bucuria, pacea \u015fi sfin\u021benia, dreptatea \u015fi adev\u0103rul, pentru a fi purtat de Duhul Sf\u00e2nt pe culmile luminii \u015fi ale m\u00e2ntuirii.<\/p>\n<p><strong>La mul\u0163i \u015fi binecuv\u00e2nta\u0163i ani! <\/strong><\/p>\n<p><strong>S\u0103rb\u0103tori \u00een lumina lui Hristos! <\/strong><\/p>\n<p><strong>+ VLADIMIR, MITROPOLIT AL CHI\u0218IN\u0102ULUI \u0218I AL \u00ceNTREGII MOLDOVE \u00a0 <\/strong><\/p>\n<p><em><strong>Na\u015fterea Domnului, Anul m\u00e2ntuirii 2014\/2015, or. Chi\u015fin\u0103u<\/strong><\/em><\/p>\n","protected":false},"excerpt":{"rendered":"<p class=\"qtranxs-available-languages-message qtranxs-available-languages-message-en\">Sorry, this entry is only available in <a href=\"http:\/\/www.ortodoxmd.eu\/ro\/wp-json\/wp\/v2\/posts\/5172\" class=\"qtranxs-available-language-link qtranxs-available-language-link-ro\" title=\"Rom\u00e2n\u0103\">Rom\u00e2n\u0103<\/a>.<\/p>\n","protected":false},"author":1,"featured_media":5173,"comment_status":"closed","ping_status":"closed","sticky":false,"template":"","format":"standard","meta":{"_jetpack_memberships_contains_paid_content":false,"footnotes":""},"categories":[1,11,10,5],"tags":[],"class_list":["post-5172","post","type-post","status-publish","format-standard","has-post-thumbnail","hentry","category-anunturi","category-noutati","category-predici","category-stiri"],"jetpack_featured_media_url":"https:\/\/i0.wp.com\/www.ortodoxmd.eu\/wp-content\/uploads\/2015\/01\/Mitropolitul_Vladimir2.jpg?fit=160%2C134&ssl=1","jetpack_shortlink":"https:\/\/wp.me\/p2NLBd-1lq","jetpack_sharing_enabled":true,"_links":{"self":[{"href":"http:\/\/www.ortodoxmd.eu\/en\/wp-json\/wp\/v2\/posts\/5172","targetHints":{"allow":["GET"]}}],"collection":[{"href":"http:\/\/www.ortodoxmd.eu\/en\/wp-json\/wp\/v2\/posts"}],"about":[{"href":"http:\/\/www.ortodoxmd.eu\/en\/wp-json\/wp\/v2\/types\/post"}],"author":[{"embeddable":true,"href":"http:\/\/www.ortodoxmd.eu\/en\/wp-json\/wp\/v2\/users\/1"}],"replies":[{"embeddable":true,"href":"http:\/\/www.ortodoxmd.eu\/en\/wp-json\/wp\/v2\/comments?post=5172"}],"version-history":[{"count":1,"href":"http:\/\/www.ortodoxmd.eu\/en\/wp-json\/wp\/v2\/posts\/5172\/revisions"}],"predecessor-version":[{"id":5174,"href":"http:\/\/www.ortodoxmd.eu\/en\/wp-json\/wp\/v2\/posts\/5172\/revisions\/5174"}],"wp:featuredmedia":[{"embeddable":true,"href":"http:\/\/www.ortodoxmd.eu\/en\/wp-json\/wp\/v2\/media\/5173"}],"wp:attachment":[{"href":"http:\/\/www.ortodoxmd.eu\/en\/wp-json\/wp\/v2\/media?parent=5172"}],"wp:term":[{"taxonomy":"category","embeddable":true,"href":"http:\/\/www.ortodoxmd.eu\/en\/wp-json\/wp\/v2\/categories?post=5172"},{"taxonomy":"post_tag","embeddable":true,"href":"http:\/\/www.ortodoxmd.eu\/en\/wp-json\/wp\/v2\/tags?post=5172"}],"curies":[{"name":"wp","href":"https:\/\/api.w.org\/{rel}","templated":true}]}}