{"id":6265,"date":"2016-01-28T19:12:46","date_gmt":"2016-01-28T17:12:46","guid":{"rendered":"http:\/\/www.ortodoxmd.eu\/?p=6265"},"modified":"2016-01-28T21:30:26","modified_gmt":"2016-01-28T19:30:26","slug":"sinaxa-primatilor-bisericii-ortodoxe-a-avut-loc-la-chambesy","status":"publish","type":"post","link":"http:\/\/www.ortodoxmd.eu\/en\/sinaxa-primatilor-bisericii-ortodoxe-a-avut-loc-la-chambesy\/","title":{"rendered":"Sinaxa \u00eent\u00eeist\u0103t\u0103torilor Bisericii Ortodoxe a avut loc la Chamb\u00e9sy"},"content":{"rendered":"<p><strong>La invita\u021bia Sanctit\u0103\u021bii Sale Patriarhul Ecumenic Bartolomeu, Sinaxa \u00cent\u00e2ist\u0103t\u0103torilor Bisericilor Ortodoxe Autocefale a avut loc la Centrul Ortodox al Patriarhiei Ecumenice de la Chamb\u00e9sy-Geneva, \u00een perioada 21-28 ianuarie 2016. <\/strong><\/p>\n<p><em>Sinax\u0103 = Nume dat adun\u0103rilor primilor cre\u0219tini.<\/em><\/p>\n<p>Au participat la acest Sobor urm\u0103torii prima\u0163i :<\/p>\n<p><strong>Patriarhul Ecumenic Bartolomeu<\/strong><br \/>\n<strong> Patriarhul Teodor al Alexandriei<\/strong><br \/>\n<strong> Patriarhul Teofil al Ierusalimului\u00a0<\/strong><br \/>\n<strong> Patriarhul Kirill al Moscovei<\/strong><br \/>\n<strong> Patriarhul Irineu al Serbiei<\/strong><br \/>\n<strong> Patriarhul Daniel al Rom\u00e2niei<\/strong><br \/>\n<strong> Patriarhul Neofit al Bulgariei<\/strong><br \/>\n<strong> Patriarhul Ilie al Georgiei<\/strong><br \/>\n<strong> Arhiepiscopul Hrisostom al Ciprului<\/strong><br \/>\n<strong> Arhiepiscopul Anastasios al Albaniei<\/strong><br \/>\n<strong> Arhiepiscopul Rastislav al Cehiei \u0219i Slovaciei<\/strong><\/p>\n<p>Nu au avut posibilitate s\u0103 participe la acest eveniment : Patriarhul Ioan al X-lea al Antiohiei \u0219i Mitropolitul Sava al Var\u0219oviei \u0219i Poloniei, din motive de s\u0103n\u0103tate, \u0219i Arhiepiscopul Ieronimos al Atenei \u015fi Greciei, din motive personale. Cu toate acestea, to\u0163i trei au fost reprezenta\u0163i de c\u0103tre delega\u021bii oficiale ale bisericilor lor.<\/p>\n<p>\u00cent\u00e2ist\u0103t\u0103torii Bisericilor Ortodoxe s-au \u00eent\u00e2lnit pentru a finaliza textele destinate Marelui \u015fi Sf\u00e2ntului Sinod. \u00cen cadrul sinaxei, to\u0163i cei prezen\u0163i au participat duminic\u0103, 24 ianuarie, la Sf\u00e2nta Liturghie, care a fost celebrat\u0103 \u00een Sf\u00e2nta Biseric\u0103 Stavropighial\u0103 (M\u0103n\u0103stire sau biseric\u0103 care depinde direct de patriarhie) Sf\u00eentul Pavel.<\/p>\n<p><strong>\u00cen timpul sinaxei, prima\u0163ii \u015fi-au exprimat decizia de a convoca Sf\u00e2ntul \u0219i Marele Consiliu, preconizat s\u0103 aib\u0103 loc la Academia Ortodox\u0103 din Creta, \u00een perioada 16 &#8211; 27 iunie 2016.<\/strong> \u00cen sus\u0163inerea acestei hot\u0103r\u00eeri, \u00cent\u00e2ist\u0103t\u0103torii cheam\u0103, cu smerenie, harul \u015fi binecuv\u00e2ntarea Preasfintei Treimi \u015fi solicit\u0103 rug\u0103ciunile st\u0103ruitoare ale pleromei Bisericii, ale clericilor \u015fi laicilor, pentru perioada r\u0103mas\u0103 p\u00e2n\u0103 la Sf\u00e2ntul \u015fi Marele Sinod, precum \u015fi pe durata lucr\u0103rilor acestuia.<\/p>\n<p><strong>Temele aprobate oficial pentru examinare \u0219i adoptare la Marele \u015fi Sf\u00eentul Sinod sunt: misiunea Bisericii Ortodoxe \u00een lumea contemporan\u0103, diaspora ortodox\u0103, autonomia \u0219i modalitatea de a o proclama, taina c\u0103s\u0103toriei \u0219i impedimentele sale, importan\u021ba postului \u0219i practicarea lui ast\u0103zi, precum \u0219i rela\u021biile Bisericii Ortodoxe cu restul lumii cre\u0219tine.<\/strong> Prin decizia prima\u0163ilor, toate documentele aprobate vor fi f\u0103cute publice.<\/p>\n<p>Prima\u0163ii au discutat de asemenea \u015fi au definit \u00eenfiin\u021barea unui secretariat pan-ortodox, regulamentul intern al Consiliului, participarea observatorilor eterotodoc\u015fi la sesiunile de inceperea \u0219i \u00eenchierea lucr\u0103rilor, precum \u0219i costurile bugetare necesare pentru Sinod.<\/p>\n<p>\u00cen plus, prima\u0163ii \u015fi-au exprimat sprijinul pentru cre\u0219tinii persecuta\u021bi \u00een Orientul Mijlociu \u0219i preocuparea lor constant\u0103 pentru doi mitropoli\u0163i, \u015fi anume Paul Yazigi a Patriarhiei Antiohiei \u0219i Gregorios Yohanna Ibrahim a Arhiepiscopiei Siriene, care au fost r\u0103pi\u021bi.<\/p>\n<p><strong>Discu\u021biile Sinaxei s-au \u00eencheiat miercuri seara, 27 ianuarie 2016, cu discursul Sanctit\u0103\u021bii Sale, Patriarhul Ecumenic Bartolomeu, la Centrul Ortodox al Patriarhiei Ecumenice.<\/strong><\/p>\n<p>Traducere din francez\u0103: Sosanna Burduja<\/p>\n<p><em>Sursa:\u00a0<a href=\"http:\/\/orthodoxie.com\/communique-de-la-synaxe-des-primats-des-eglises-orthodoxes-chambesy-21-28-janvier-2016\/\">http:\/\/orthodoxie.com\/<\/a><\/em><\/p>\n","protected":false},"excerpt":{"rendered":"<p class=\"qtranxs-available-languages-message qtranxs-available-languages-message-en\">Sorry, this entry is only available in <a href=\"http:\/\/www.ortodoxmd.eu\/ro\/wp-json\/wp\/v2\/posts\/6265\" class=\"qtranxs-available-language-link qtranxs-available-language-link-ro\" title=\"Rom\u00e2n\u0103\">Rom\u00e2n\u0103<\/a>.<\/p>\n","protected":false},"author":1,"featured_media":0,"comment_status":"open","ping_status":"open","sticky":false,"template":"","format":"standard","meta":{"_jetpack_memberships_contains_paid_content":false,"footnotes":""},"categories":[1,11,5],"tags":[],"class_list":["post-6265","post","type-post","status-publish","format-standard","hentry","category-anunturi","category-noutati","category-stiri"],"jetpack_featured_media_url":"","jetpack_shortlink":"https:\/\/wp.me\/p2NLBd-1D3","jetpack_sharing_enabled":true,"_links":{"self":[{"href":"http:\/\/www.ortodoxmd.eu\/en\/wp-json\/wp\/v2\/posts\/6265","targetHints":{"allow":["GET"]}}],"collection":[{"href":"http:\/\/www.ortodoxmd.eu\/en\/wp-json\/wp\/v2\/posts"}],"about":[{"href":"http:\/\/www.ortodoxmd.eu\/en\/wp-json\/wp\/v2\/types\/post"}],"author":[{"embeddable":true,"href":"http:\/\/www.ortodoxmd.eu\/en\/wp-json\/wp\/v2\/users\/1"}],"replies":[{"embeddable":true,"href":"http:\/\/www.ortodoxmd.eu\/en\/wp-json\/wp\/v2\/comments?post=6265"}],"version-history":[{"count":3,"href":"http:\/\/www.ortodoxmd.eu\/en\/wp-json\/wp\/v2\/posts\/6265\/revisions"}],"predecessor-version":[{"id":6285,"href":"http:\/\/www.ortodoxmd.eu\/en\/wp-json\/wp\/v2\/posts\/6265\/revisions\/6285"}],"wp:attachment":[{"href":"http:\/\/www.ortodoxmd.eu\/en\/wp-json\/wp\/v2\/media?parent=6265"}],"wp:term":[{"taxonomy":"category","embeddable":true,"href":"http:\/\/www.ortodoxmd.eu\/en\/wp-json\/wp\/v2\/categories?post=6265"},{"taxonomy":"post_tag","embeddable":true,"href":"http:\/\/www.ortodoxmd.eu\/en\/wp-json\/wp\/v2\/tags?post=6265"}],"curies":[{"name":"wp","href":"https:\/\/api.w.org\/{rel}","templated":true}]}}