{"id":10940,"date":"2025-01-06T21:00:28","date_gmt":"2025-01-06T19:00:28","guid":{"rendered":"https:\/\/www.ortodoxmd.eu\/?p=10940"},"modified":"2025-01-06T21:00:28","modified_gmt":"2025-01-06T19:00:28","slug":"mesajul-la-nasterea-domnului-al-mitropolitului-nestor-de-korsun-si-a-europei-de-vest","status":"publish","type":"post","link":"http:\/\/www.ortodoxmd.eu\/fr\/mesajul-la-nasterea-domnului-al-mitropolitului-nestor-de-korsun-si-a-europei-de-vest\/","title":{"rendered":"Message de No\u00ebl de Son \u00c9minence NESTOR, m\u00e9tropolite de Cherson\u00e8se et d\u2019Europe occidentale"},"content":{"rendered":"<p><\/p>\n<p style=\"text-align: center;\"><strong>Message de No\u00ebl<\/strong><br \/>\n<strong>de Son \u00c9minence Nestor<\/strong><br \/>\n<strong>m\u00e9tropolite de Cherson\u00e8se et d\u2019Europe occidentale<\/strong><br \/>\n<strong>Exarque patriarcal en Europe occidentale<\/strong><\/p>\n<p style=\"text-align: center;\"><strong><em>Chers confr\u00e8res hi\u00e9rarques et pasteurs bien-aim\u00e9s dans le Seigneur, fr\u00e8res et s\u0153urs !<\/em><\/strong><\/p>\n<p>Du fond de mon c\u0153ur je voudrais vous saluer, f\u00e9liciter, encourager et remercier en cette sainte nuit de No\u00ebl. Et surtout en cette nuit, o\u00f9 nous nous tenons tous mentalement et en pri\u00e8re devant le grand myst\u00e8re de l\u2019Incarnation du Verbe de Dieu, o\u00f9 nous comm\u00e9morons et revivons la venue dans ce monde du Christ, notre Sauveur.<\/p>\n<p>Dans chaque paroisse de notre m\u00e9tropole, dans divers pays, dans les grandes et petites villes et villages, dans les communaut\u00e9s monastiques, beaucoup de personnes se sont rassembl\u00e9es aujourd\u2019hui et leurs visages refl\u00e8tent la joie et l\u2019esp\u00e9rance.<\/p>\n<p>C\u2019est une joie puisque le Christ est venu dans ce monde, qu\u2019Il a cru en nous avant m\u00eame que nous ayons cru en Lui et qu\u2019Il nous a aim\u00e9s avant m\u00eame que nous ayons pu r\u00e9pondre \u00e0 Son amour.<\/p>\n<p>C\u2019est une esp\u00e9rance, car, si Dieu est avec nous, tout peut \u00eatre corrig\u00e9 et transform\u00e9 en bien, et puisque la paix v\u00e9ritable et inali\u00e9nable r\u00e9gnera sur la terre, ainsi que dans nos c\u0153urs.<\/p>\n<p>Ne tentons d\u2019imiter personne aujourd\u2019hui, mais ayons le courage d\u2019\u00eatre nous-m\u00eames et venons \u00e0 Christ tels que nous sommes r\u00e9ellement.<\/p>\n<p>Et puisse le Christ aider chacun de nous, dans notre minist\u00e8re et dans notre vie quotidienne : clercs, moines et moniales, choristes, ceux qui d\u00e9corent les \u00e9glises, ceux qui pr\u00e9parent des repas festifs, bienfaiteurs, membres actifs des paroisses, notre jeunesse, particuli\u00e8rement ceux qui s\u2019occupent des enfants, les \u00e9duquent et s\u2019inspirent de leur joie, ainsi que tous ceux qui, au nom de l\u2019amour du Christ, pratiquent des bonnes \u0153uvres et soutiennent les uns les autres.<\/p>\n<p>Car, si nous sommes capables de faire du bien, c\u2019est parce que le Christ na\u00eet et vit en chacun de nous.<\/p>\n<p>Un joyeux No\u00ebl \u00e0 vous tous, mes chers bien-aim\u00e9s !<\/p>\n<p style=\"text-align: center;\"><strong>+Nestor,<\/strong><\/p>\n<p style=\"text-align: center;\"><strong>metropolite de Cherson\u00e8se et d\u2019Europe occidentale<\/strong><\/p>\n<p style=\"text-align: right;\"><em>Paris,<\/em><br \/>\n<em>Nativit\u00e9 du Christ 2024\/25<\/em><\/p>\n<p><\/p>","protected":false},"excerpt":{"rendered":"<p>Du fond de mon c\u0153ur je voudrais vous saluer, f\u00e9liciter, du fond de mon c\u0153ur je voudrais vous saluer, f\u00e9liciter, encourager et remercier en cette sainte nuit de No\u00ebl. Et surtout en cette nuit, o\u00f9 nous nous tenons tous mentalement et en pri\u00e8re devant le grand myst\u00e8re de l\u2019Incarnation du Verbe de Dieu, o\u00f9 nous comm\u00e9morons et revivons la venue dans ce monde du Christ, notre Sauveur.<\/p>\n","protected":false},"author":1,"featured_media":10941,"comment_status":"open","ping_status":"closed","sticky":false,"template":"","format":"standard","meta":{"_jetpack_memberships_contains_paid_content":false,"footnotes":""},"categories":[1,14,13,18,11,12,10,15,17,16,19,5],"tags":[],"class_list":["post-10940","post","type-post","status-publish","format-standard","has-post-thumbnail","hentry","category-anunturi","category-colinde","category-interviuri","category-invataturi-duhovnicesti","category-noutati","category-pelerinaje","category-predici","category-programul-slujbelor","category-radio-logos","category-resurse-ortodoxe","category-sfintele-taine","category-stiri"],"jetpack_featured_media_url":"https:\/\/i0.wp.com\/www.ortodoxmd.eu\/wp-content\/uploads\/2025\/01\/nestor_k.jpeg?fit=800%2C591&ssl=1","jetpack_shortlink":"https:\/\/wp.me\/p2NLBd-2Qs","jetpack_sharing_enabled":true,"_links":{"self":[{"href":"http:\/\/www.ortodoxmd.eu\/fr\/wp-json\/wp\/v2\/posts\/10940","targetHints":{"allow":["GET"]}}],"collection":[{"href":"http:\/\/www.ortodoxmd.eu\/fr\/wp-json\/wp\/v2\/posts"}],"about":[{"href":"http:\/\/www.ortodoxmd.eu\/fr\/wp-json\/wp\/v2\/types\/post"}],"author":[{"embeddable":true,"href":"http:\/\/www.ortodoxmd.eu\/fr\/wp-json\/wp\/v2\/users\/1"}],"replies":[{"embeddable":true,"href":"http:\/\/www.ortodoxmd.eu\/fr\/wp-json\/wp\/v2\/comments?post=10940"}],"version-history":[{"count":1,"href":"http:\/\/www.ortodoxmd.eu\/fr\/wp-json\/wp\/v2\/posts\/10940\/revisions"}],"predecessor-version":[{"id":10942,"href":"http:\/\/www.ortodoxmd.eu\/fr\/wp-json\/wp\/v2\/posts\/10940\/revisions\/10942"}],"wp:featuredmedia":[{"embeddable":true,"href":"http:\/\/www.ortodoxmd.eu\/fr\/wp-json\/wp\/v2\/media\/10941"}],"wp:attachment":[{"href":"http:\/\/www.ortodoxmd.eu\/fr\/wp-json\/wp\/v2\/media?parent=10940"}],"wp:term":[{"taxonomy":"category","embeddable":true,"href":"http:\/\/www.ortodoxmd.eu\/fr\/wp-json\/wp\/v2\/categories?post=10940"},{"taxonomy":"post_tag","embeddable":true,"href":"http:\/\/www.ortodoxmd.eu\/fr\/wp-json\/wp\/v2\/tags?post=10940"}],"curies":[{"name":"wp","href":"https:\/\/api.w.org\/{rel}","templated":true}]}}