{"id":11010,"date":"2025-02-06T12:42:13","date_gmt":"2025-02-06T10:42:13","guid":{"rendered":"https:\/\/www.ortodoxmd.eu\/?p=11010"},"modified":"2025-02-06T12:45:44","modified_gmt":"2025-02-06T10:45:44","slug":"sambata-8-februarie-va-invitam-la-pelerinaj-la-schitul-sfantului-duh-din-orasul-mesnil-saint-denis","status":"publish","type":"post","link":"http:\/\/www.ortodoxmd.eu\/fr\/sambata-8-februarie-va-invitam-la-pelerinaj-la-schitul-sfantului-duh-din-orasul-mesnil-saint-denis\/","title":{"rendered":"(Rom\u00e2n\u0103) S\u00e2mb\u0103t\u0103, 8 februarie, v\u0103 invit\u0103m la pelerinaj la schitul Sf\u00e2ntului Duh din Mesnil-Saint-Denis"},"content":{"rendered":"<p class=\"qtranxs-available-languages-message qtranxs-available-languages-message-fr\">D\u00e9sol\u00e9, cet article est seulement disponible en <a href=\"http:\/\/www.ortodoxmd.eu\/ro\/wp-json\/wp\/v2\/posts\/11010\" class=\"qtranxs-available-language-link qtranxs-available-language-link-ro\" title=\"Rom\u00e2n\u0103\">Rom\u00e2n\u0103<\/a>.<\/p>","protected":false},"excerpt":{"rendered":"<p class=\"qtranxs-available-languages-message qtranxs-available-languages-message-fr\">D\u00e9sol\u00e9, cet article est seulement disponible en <a href=\"http:\/\/www.ortodoxmd.eu\/ro\/wp-json\/wp\/v2\/posts\/11010\" class=\"qtranxs-available-language-link qtranxs-available-language-link-ro\" title=\"Rom\u00e2n\u0103\">Rom\u00e2n\u0103<\/a>.<\/p>\n","protected":false},"author":1,"featured_media":11014,"comment_status":"open","ping_status":"closed","sticky":false,"template":"","format":"standard","meta":{"_jetpack_memberships_contains_paid_content":false,"footnotes":""},"categories":[1,14,13,18,11,12,10,15,17,16,19,5],"tags":[],"class_list":["post-11010","post","type-post","status-publish","format-standard","has-post-thumbnail","hentry","category-anunturi","category-colinde","category-interviuri","category-invataturi-duhovnicesti","category-noutati","category-pelerinaje","category-predici","category-programul-slujbelor","category-radio-logos","category-resurse-ortodoxe","category-sfintele-taine","category-stiri"],"jetpack_featured_media_url":"https:\/\/i0.wp.com\/www.ortodoxmd.eu\/wp-content\/uploads\/2025\/02\/Mesnil.jpg?fit=1280%2C850&ssl=1","jetpack_shortlink":"https:\/\/wp.me\/p2NLBd-2RA","jetpack_sharing_enabled":true,"_links":{"self":[{"href":"http:\/\/www.ortodoxmd.eu\/fr\/wp-json\/wp\/v2\/posts\/11010","targetHints":{"allow":["GET"]}}],"collection":[{"href":"http:\/\/www.ortodoxmd.eu\/fr\/wp-json\/wp\/v2\/posts"}],"about":[{"href":"http:\/\/www.ortodoxmd.eu\/fr\/wp-json\/wp\/v2\/types\/post"}],"author":[{"embeddable":true,"href":"http:\/\/www.ortodoxmd.eu\/fr\/wp-json\/wp\/v2\/users\/1"}],"replies":[{"embeddable":true,"href":"http:\/\/www.ortodoxmd.eu\/fr\/wp-json\/wp\/v2\/comments?post=11010"}],"version-history":[{"count":3,"href":"http:\/\/www.ortodoxmd.eu\/fr\/wp-json\/wp\/v2\/posts\/11010\/revisions"}],"predecessor-version":[{"id":11018,"href":"http:\/\/www.ortodoxmd.eu\/fr\/wp-json\/wp\/v2\/posts\/11010\/revisions\/11018"}],"wp:featuredmedia":[{"embeddable":true,"href":"http:\/\/www.ortodoxmd.eu\/fr\/wp-json\/wp\/v2\/media\/11014"}],"wp:attachment":[{"href":"http:\/\/www.ortodoxmd.eu\/fr\/wp-json\/wp\/v2\/media?parent=11010"}],"wp:term":[{"taxonomy":"category","embeddable":true,"href":"http:\/\/www.ortodoxmd.eu\/fr\/wp-json\/wp\/v2\/categories?post=11010"},{"taxonomy":"post_tag","embeddable":true,"href":"http:\/\/www.ortodoxmd.eu\/fr\/wp-json\/wp\/v2\/tags?post=11010"}],"curies":[{"name":"wp","href":"https:\/\/api.w.org\/{rel}","templated":true}]}}