{"id":11406,"date":"2026-09-02T10:44:01","date_gmt":"2026-09-02T08:44:01","guid":{"rendered":"https:\/\/www.ortodoxmd.eu\/?p=11406"},"modified":"2026-09-02T10:44:01","modified_gmt":"2026-09-02T08:44:01","slug":"duminica-a-13-a-dupa-cincizecime","status":"publish","type":"post","link":"http:\/\/www.ortodoxmd.eu\/fr\/duminica-a-13-a-dupa-cincizecime\/","title":{"rendered":"Hom\u00e9lie du 13e dimanche apr\u00e8s la Pentec\u00f4te"},"content":{"rendered":"<p><\/p>\n<p class=\"ds-markdown-paragraph\"><strong><span class=\"\">Chers fr\u00e8res et s\u0153urs,<\/span><\/strong><\/p>\n<p class=\"ds-markdown-paragraph\"><span class=\"\">L\u2019\u00c9vangile d\u2019aujourd\u2019hui nous met devant l\u2019une des paraboles les plus fortes et les plus s\u00e9rieuses prononc\u00e9es par le Sauveur : <strong>la parabole des vignerons m\u00e9chants<\/strong>.<\/span><\/p>\n<p class=\"ds-markdown-paragraph\"><span class=\"\">Un homme riche plante une vigne, l\u2019entoure d\u2019une cl\u00f4ture, pr\u00e9pare tout ce qui est n\u00e9cessaire et la confie \u00e0 des vignerons. Puis il part au loin. Quand vient le temps des fruits, il envoie ses serviteurs pour recevoir ce qui lui revient. Mais les vignerons les battent, tuent l\u2019un, lapident l\u2019autre. Finalement, le ma\u00eetre envoie son propre fils, en disant : \u00ab Ils respecteront mon fils. \u00bb Mais ils le tuent aussi.<\/span><\/p>\n<p class=\"ds-markdown-paragraph\"><span class=\"\">C\u2019est bien s\u00fbr une parabole sur le peuple \u00e9lu, sur les proph\u00e8tes et, finalement, sur le Fils de Dieu qui vient dans le monde et est rejet\u00e9 et crucifi\u00e9. Mais elle ne parle pas seulement du pass\u00e9. Elle nous parle aussi \u00e0 nous.<\/span><\/p>\n<p class=\"ds-markdown-paragraph\"><strong><span class=\"\">Car la vigne, c\u2019est le monde que Dieu nous a confi\u00e9, et nous en sommes les ouvriers.<\/span><\/strong><\/p>\n<p class=\"ds-markdown-paragraph\"><span class=\"\">Tout ce que nous avons est, en derni\u00e8re analyse, re\u00e7u : la vie, le temps, la libert\u00e9, les dons, les personnes que Dieu met pr\u00e8s de nous, l\u2019\u00c9glise, la foi. Dieu nous donne tout cela non pas pour que nous les consid\u00e9rions comme notre propri\u00e9t\u00e9 absolue, mais pour que nous portions des fruits.<\/span><\/p>\n<p class=\"ds-markdown-paragraph\"><span class=\"\">Et l\u00e0 se trouve la question essentielle de l\u2019\u00c9vangile :<\/span><\/p>\n<p class=\"ds-markdown-paragraph\"><strong><span class=\"\">Quels fruits apportons-nous \u00e0 Dieu ?<\/span><\/strong><\/p>\n<p class=\"ds-markdown-paragraph\"><span class=\"\">Car il est possible de vivre dans une \u00ab vigne \u00bb qui ne nous appartient pas et pourtant de nous comporter comme si nous en \u00e9tions les ma\u00eetres. Il est possible de recevoir la vie comme un don et d\u2019oublier le Donateur. Recevoir la libert\u00e9 et la transformer en autonomie vis-\u00e0-vis de Dieu. Recevoir la foi et la r\u00e9duire \u00e0 une habitude. Recevoir l\u2019amour et r\u00e9pondre par l\u2019indiff\u00e9rence.<\/span><\/p>\n<p class=\"ds-markdown-paragraph\"><span class=\"\">Les vignerons m\u00e9chants de l\u2019\u00c9vangile n\u2019ont pas re\u00e7u une vigne n\u00e9glig\u00e9e ; le ma\u00eetre avait tout fait pour elle. Le probl\u00e8me n\u2019\u00e9tait pas le don de Dieu, mais la r\u00e9ponse de l\u2019homme au don.<\/span><\/p>\n<p class=\"ds-markdown-paragraph\"><strong><span class=\"\">\u00ab Son Fils \u00bb<\/span><\/strong><\/p>\n<p class=\"ds-markdown-paragraph\"><span class=\"\">Le point culminant de la parabole est la venue du fils.<\/span><\/p>\n<p class=\"ds-markdown-paragraph\"><span class=\"\">\u00ab Enfin, il envoya vers eux son fils, en disant : Ils respecteront mon fils. \u00bb<\/span><\/p>\n<p class=\"ds-markdown-paragraph\"><span class=\"\">Nous voyons ici le grand myst\u00e8re de l\u2019amour de Dieu.<\/span><\/p>\n<p class=\"ds-markdown-paragraph\"><span class=\"\">Dieu ne renonce pas \u00e0 l\u2019homme, m\u00eame quand l\u2019homme le rejette. Il envoie des proph\u00e8tes, envoie sa Parole, appelle \u00e0 la repentance, et finalement il envoie son propre Fils.<\/span><\/p>\n<p class=\"ds-markdown-paragraph\"><span class=\"\">Mais nous savons ce que le monde fait au Fils : on le jette \u00ab hors de la vigne \u00bb et on le crucifie.<\/span><\/p>\n<p class=\"ds-markdown-paragraph\"><span class=\"\">Cependant, ce que les hommes consid\u00e8rent comme une d\u00e9faite devient, dans le plan de Dieu, le commencement du salut :<\/span><\/p>\n<p class=\"ds-markdown-paragraph\"><span class=\"\">\u00ab La pierre qu\u2019ont rejet\u00e9e ceux qui b\u00e2tissaient est devenue la pierre angulaire. \u00bb<\/span><\/p>\n<p class=\"ds-markdown-paragraph\"><span class=\"\">La Croix n\u2019est pas l\u2019\u00e9chec de Dieu. <strong>La Croix est la victoire de l\u2019amour de Dieu sur le p\u00e9ch\u00e9 et sur la mort.<\/strong><\/span><\/p>\n<p class=\"ds-markdown-paragraph\"><strong><span class=\"\">La M\u00e8re de Dieu \u2013 la r\u00e9ponse oppos\u00e9e \u00e0 celle des vignerons m\u00e9chants<\/span><\/strong><\/p>\n<p class=\"ds-markdown-paragraph\"><span class=\"\">Et c\u2019est pr\u00e9cis\u00e9ment ici, dans les jours qui suivent la f\u00eate de la Dormition de la M\u00e8re de Dieu, que nous pouvons voir un contraste extraordinaire.<\/span><\/p>\n<p class=\"ds-markdown-paragraph\"><span class=\"\">Les vignerons de l\u2019\u00c9vangile disent, en substance : \u00ab Nous ne voulons pas que la vigne appartienne au Ma\u00eetre. Qu\u2019elle soit \u00e0 nous. \u00bb<\/span><\/p>\n<p class=\"ds-markdown-paragraph\"><span class=\"\">La M\u00e8re de Dieu dit exactement le contraire.<\/span><\/p>\n<p class=\"ds-markdown-paragraph\"><span class=\"\">Toute sa vie peut se r\u00e9sumer en ces mots :<\/span><\/p>\n<p class=\"ds-markdown-paragraph\"><span class=\"\">\u00ab Voici la servante du Seigneur ; qu\u2019il me soit fait selon ta parole. \u00bb<\/span><\/p>\n<p class=\"ds-markdown-paragraph\"><span class=\"\">Elle ne transforme pas le don de Dieu en sa propri\u00e9t\u00e9. Elle ne dit pas : \u00ab Ma vie est \u00e0 moi. \u00bb Mais elle le re\u00e7oit comme un don et le rend \u00e0 Dieu.<\/span><\/p>\n<p class=\"ds-markdown-paragraph\"><span class=\"\">C\u2019est pourquoi, en la M\u00e8re de Dieu, nous voyons l\u2019homme qui porte du fruit.<\/span><\/p>\n<p class=\"ds-markdown-paragraph\"><span class=\"\">Le fruit de sa vie est l\u2019ob\u00e9issance.<\/span><br \/>\n<span class=\"\">Son fruit est l\u2019humilit\u00e9.<\/span><br \/>\n<span class=\"\">Son fruit est la puret\u00e9 du c\u0153ur.<\/span><br \/>\n<span class=\"\">Son fruit est la foi.<\/span><br \/>\n<span class=\"\">Son fruit est l\u2019amour.<\/span><br \/>\n<span class=\"\">Et, par-dessus tout, son fruit est le Christ lui-m\u00eame.<\/span><\/p>\n<p class=\"ds-markdown-paragraph\"><span class=\"\">Si la parabole nous demande : \u00ab Qu\u2019as-tu fait de la vigne que Dieu t\u2019a confi\u00e9e ? \u00bb, la M\u00e8re de Dieu nous montre la r\u00e9ponse.<\/span><\/p>\n<p class=\"ds-markdown-paragraph\"><strong><span class=\"\">\u00ab Veillez, demeurez fermes dans la foi \u00bb<\/span><\/strong><\/p>\n<p class=\"ds-markdown-paragraph\"><span class=\"\">L\u2019Ap\u00f4tre d\u2019aujourd\u2019hui compl\u00e8te tr\u00e8s bien cet enseignement. Saint Paul dit :<\/span><\/p>\n<p class=\"ds-markdown-paragraph\"><span class=\"\">\u00ab Veillez, demeurez fermes dans la foi, soyez hommes, fortifiez-vous. Que tout se fasse parmi vous dans la charit\u00e9. \u00bb<\/span><\/p>\n<p class=\"ds-markdown-paragraph\"><span class=\"\">Remarquez combien cette parole est concr\u00e8te.<\/span><\/p>\n<p class=\"ds-markdown-paragraph\"><span class=\"\">Il ne suffit pas de dire : \u00ab Je crois en Dieu. \u00bb<\/span><\/p>\n<p class=\"ds-markdown-paragraph\"><span class=\"\">La foi doit produire des fruits.<\/span><\/p>\n<p class=\"ds-markdown-paragraph\"><span class=\"\">\u00ab Veillez \u00bb \u2013 c\u2019est-\u00e0-dire ne vivez pas sans attention, comme si la vie n\u2019\u00e9tait qu\u2019\u00e0 vous.<\/span><\/p>\n<p class=\"ds-markdown-paragraph\"><span class=\"\">\u00ab Demeurez fermes dans la foi \u00bb \u2013 car il y aura des tentations, des doutes, des souffrances et des moments o\u00f9 nous serons tent\u00e9s d\u2019expulser Dieu de la \u00ab vigne \u00bb de notre vie.<\/span><\/p>\n<p class=\"ds-markdown-paragraph\"><span class=\"\">\u00ab Soyez hommes, fortifiez-vous \u00bb \u2013 car la vie chr\u00e9tienne demande patience et constance.<\/span><\/p>\n<p class=\"ds-markdown-paragraph\"><span class=\"\">Et puis :<strong> \u00ab Que tout se fasse parmi vous dans la charit\u00e9. \u00bb<\/strong><\/span><\/p>\n<p class=\"ds-markdown-paragraph\"><span class=\"\">C\u2019est peut-\u00eatre la d\u00e9finition la plus simple d\u2019une vie qui porte du fruit.<\/span><\/p>\n<p class=\"ds-markdown-paragraph\"><strong><span class=\"\">Que faisons-nous de la vigne du Seigneur ?<\/span><\/strong><\/p>\n<p class=\"ds-markdown-paragraph\"><span class=\"\">Fr\u00e8res et s\u0153urs,<\/span><\/p>\n<p class=\"ds-markdown-paragraph\"><span class=\"\">peut-\u00eatre que la question de ce dimanche n\u2019est pas : <strong>\u00ab Suis-je un homme croyant ? \u00bb<\/strong><\/span><\/p>\n<p class=\"ds-markdown-paragraph\"><span class=\"\">Mais une question bien plus profonde :<\/span><\/p>\n<p class=\"ds-markdown-paragraph\"><strong><span class=\"\">\u00ab Quels fruits ma foi produit-elle ? \u00bb<\/span><\/strong><\/p>\n<p class=\"ds-markdown-paragraph\"><span class=\"\">Si Dieu m\u2019a donn\u00e9 une famille, quel fruit apport\u00e9-je dans ma famille ?<\/span><\/p>\n<p class=\"ds-markdown-paragraph\"><span class=\"\">S\u2019il m\u2019a donn\u00e9 des gens autour de moi, quel fruit apport\u00e9-je dans mes relations avec eux ?<\/span><\/p>\n<p class=\"ds-markdown-paragraph\"><span class=\"\">S\u2019il m\u2019a donn\u00e9 la libert\u00e9, l\u2019utilis\u00e9-je pour le bien ou pour l\u2019\u00e9go\u00efsme ?<\/span><\/p>\n<p class=\"ds-markdown-paragraph\"><span class=\"\">S\u2019il m\u2019a donn\u00e9 du temps, comment l\u2019utilis\u00e9-je ?<\/span><\/p>\n<p class=\"ds-markdown-paragraph\"><span class=\"\">S\u2019il m\u2019a donn\u00e9 la foi, se voit-elle dans ma vie ?<\/span><\/p>\n<p class=\"ds-markdown-paragraph\"><span class=\"\">S\u2019il m\u2019a donn\u00e9 la possibilit\u00e9 de pardonner, est-ce que je pardonne ?<\/span><\/p>\n<p class=\"ds-markdown-paragraph\"><span class=\"\">S\u2019il m\u2019a donn\u00e9 la force d\u2019aimer, est-ce que j\u2019aime ?<\/span><\/p>\n<p class=\"ds-markdown-paragraph\"><span class=\"\">Car, \u00e0 la fin de la vie, Dieu ne nous demandera pas seulement ce que nous avons re\u00e7u, mais aussi ce que nous avons fait de ce que nous avons re\u00e7u.<\/span><\/p>\n<p class=\"ds-markdown-paragraph\"><span class=\"\">Nos vies sont ses vignes.<\/span><\/p>\n<p class=\"ds-markdown-paragraph\"><strong><span class=\"\">La Dormition de la M\u00e8re de Dieu et le fruit d\u2019une vie<\/span><\/strong><\/p>\n<p class=\"ds-markdown-paragraph\"><span class=\"\">Voil\u00e0 pourquoi il est si opportun d\u2019\u00e9couter cet \u00c9vangile apr\u00e8s la Dormition de la M\u00e8re de Dieu.<\/span><\/p>\n<p class=\"ds-markdown-paragraph\"><span class=\"\">En la M\u00e8re de Dieu, nous voyons que la vraie fructification de la vie ne consiste pas \u00e0 avoir le plus possible, \u00e0 \u00eatre le plus puissant possible ou \u00e0 \u00eatre reconnu par les hommes.<\/span><\/p>\n<p class=\"ds-markdown-paragraph\"><span class=\"\">Elle consiste \u00e0 pouvoir dire, \u00e0 la fin de la vie :<\/span><\/p>\n<p class=\"ds-markdown-paragraph\"><span class=\"\">\u00ab Seigneur, ce que tu m\u2019as donn\u00e9, je te le confie. \u00bb<\/span><\/p>\n<p class=\"ds-markdown-paragraph\"><span class=\"\">Sa Dormition n\u2019est pas une s\u00e9paration tragique, mais le passage vers la vie pleine avec Dieu. C\u2019est pourquoi l\u2019\u00c9glise l\u2019appelle \u00ab plus v\u00e9n\u00e9rable que les ch\u00e9rubins et incomparablement plus glorieuse que les s\u00e9raphins \u00bb.<\/span><\/p>\n<p class=\"ds-markdown-paragraph\"><span class=\"\">Elle nous montre que l\u2019homme ne trouve son accomplissement pas quand il s\u2019approprie tout, mais quand il se donne \u00e0 Dieu.<\/span><\/p>\n<p class=\"ds-markdown-paragraph\"><span class=\"\">Et c\u2019est aussi le myst\u00e8re de l\u2019\u00c9vangile d\u2019aujourd\u2019hui :<\/span><\/p>\n<p class=\"ds-markdown-paragraph\"><span class=\"\">La vie devient fructueuse quand nous cessons de nous consid\u00e9rer comme ses ma\u00eetres et que nous nous reconnaissons comme ouvriers dans la vigne de Dieu.<\/span><\/p>\n<p class=\"ds-markdown-paragraph\"><span class=\"\">Demandons donc \u00e0 la M\u00e8re de Dieu de nous aider \u00e0 ne pas \u00eatre des ouvriers qui gardent les fruits pour eux seuls, mais des hommes qui savent rendre \u00e0 Dieu ce qu\u2019ils ont re\u00e7u de Lui.<\/span><\/p>\n<p class=\"ds-markdown-paragraph\"><span class=\"\">Et quand Dieu viendra chercher les fruits de notre vigne, qu\u2019il puisse trouver en nous ce que saint Paul nous demande aujourd\u2019hui :<\/span><\/p>\n<p class=\"ds-markdown-paragraph\"><strong><span class=\"\">une foi ferme, un c\u0153ur fortifi\u00e9 et, par-dessus tout, la charit\u00e9.<\/span><\/strong><\/p>\n<p class=\"ds-markdown-paragraph\"><span class=\"\">Amen.<\/span><\/p>\n<p><em><strong>Hi\u00e9romoine Joseph (Pavlinciuc)<\/strong><\/em><\/p>","protected":false},"excerpt":{"rendered":"<p>Chers fr\u00e8res et s\u0153urs, l\u2019\u00c9vangile d\u2019aujourd\u2019hui nous met devant l\u2019une des paraboles les plus fortes et les plus s\u00e9rieuses prononc\u00e9es par le Sauveur : la parabole des vignerons m\u00e9chants. Un homme riche plante une vigne, l\u2019entoure d\u2019une cl\u00f4ture, pr\u00e9pare tout ce qui est n\u00e9cessaire et la confie \u00e0 des vignerons. Puis il part au loin. Quand vient le temps des fruits, il envoie ses serviteurs pour recevoir ce qui lui revient. Mais les vignerons les battent, tuent l\u2019un, lapident l\u2019autre. Finalement, le ma\u00eetre envoie son propre fils, en disant : \u00ab Ils respecteront mon fils. \u00bb Mais ils le tuent aussi.<\/p>\n","protected":false},"author":1,"featured_media":11411,"comment_status":"open","ping_status":"closed","sticky":false,"template":"","format":"standard","meta":{"_jetpack_newsletter_access":"","_jetpack_dont_email_post_to_subs":false,"_jetpack_newsletter_tier_id":0,"_jetpack_memberships_contains_paywalled_content":false,"_jetpack_feature_clip_id":0,"_jetpack_memberships_contains_paid_content":false,"footnotes":"","jetpack_post_was_ever_published":false},"categories":[1,10,5],"tags":[],"class_list":["post-11406","post","type-post","status-publish","format-standard","has-post-thumbnail","hentry","category-anunturi","category-predici","category-stiri"],"jetpack_shortlink":"https:\/\/wp.me\/p2NLBd-2XY","jetpack_sharing_enabled":true,"jetpack_featured_media_url":"https:\/\/i0.wp.com\/www.ortodoxmd.eu\/wp-content\/uploads\/2026\/09\/pilda_lucratorilor_viei_celor_rai.jpg?fit=1173%2C800&ssl=1","_links":{"self":[{"href":"http:\/\/www.ortodoxmd.eu\/fr\/wp-json\/wp\/v2\/posts\/11406","targetHints":{"allow":["GET"]}}],"collection":[{"href":"http:\/\/www.ortodoxmd.eu\/fr\/wp-json\/wp\/v2\/posts"}],"about":[{"href":"http:\/\/www.ortodoxmd.eu\/fr\/wp-json\/wp\/v2\/types\/post"}],"author":[{"embeddable":true,"href":"http:\/\/www.ortodoxmd.eu\/fr\/wp-json\/wp\/v2\/users\/1"}],"replies":[{"embeddable":true,"href":"http:\/\/www.ortodoxmd.eu\/fr\/wp-json\/wp\/v2\/comments?post=11406"}],"version-history":[{"count":6,"href":"http:\/\/www.ortodoxmd.eu\/fr\/wp-json\/wp\/v2\/posts\/11406\/revisions"}],"predecessor-version":[{"id":11413,"href":"http:\/\/www.ortodoxmd.eu\/fr\/wp-json\/wp\/v2\/posts\/11406\/revisions\/11413"}],"wp:featuredmedia":[{"embeddable":true,"href":"http:\/\/www.ortodoxmd.eu\/fr\/wp-json\/wp\/v2\/media\/11411"}],"wp:attachment":[{"href":"http:\/\/www.ortodoxmd.eu\/fr\/wp-json\/wp\/v2\/media?parent=11406"}],"wp:term":[{"taxonomy":"category","embeddable":true,"href":"http:\/\/www.ortodoxmd.eu\/fr\/wp-json\/wp\/v2\/categories?post=11406"},{"taxonomy":"post_tag","embeddable":true,"href":"http:\/\/www.ortodoxmd.eu\/fr\/wp-json\/wp\/v2\/tags?post=11406"}],"curies":[{"name":"wp","href":"https:\/\/api.w.org\/{rel}","templated":true}]}}