{"id":5041,"date":"2014-10-08T19:52:21","date_gmt":"2014-10-08T17:52:21","guid":{"rendered":"http:\/\/www.ortodoxmd.eu\/?p=5041"},"modified":"2015-09-25T12:53:00","modified_gmt":"2015-09-25T10:53:00","slug":"franta-inceputul-anului-de-studii-2014-la-scoala-parohiala-a-bisericii-din-montgeron","status":"publish","type":"post","link":"http:\/\/www.ortodoxmd.eu\/fr\/franta-inceputul-anului-de-studii-2014-la-scoala-parohiala-a-bisericii-din-montgeron\/","title":{"rendered":"Fran\u0163a: \u00cenceputul anului de studii 2014 la \u015fcoala parohial\u0103 a bisericii din Montgeron"},"content":{"rendered":"<p><strong>La 4 octombrie 2014, \u00een zi de s\u00e2mb\u0103t\u0103, \u015fcoala parohial\u0103 a bisericii cuv. Serafim de Sarov din Montgeron \u015fi-a deschis u\u015file \u00een fa\u0163a tinerilor enoria\u015fi \u015fi prieteni ai bisericii noastre.<\/strong><\/p>\n<p>La ora 10.00 profesorii, educatorii \u0219i copii s-au adunat \u00eempreun\u0103 cu p\u0103rin\u0163ii lor \u00een biseric\u0103 pentru a se ruga \u00eempreun\u0103 la \u00eenceputul unui nou an de studii. Te-Deumul a fost s\u0103v\u00e2r\u015fit de ieromonahul Nicodim (Pavlinciuc). <\/p>\n<p>\u00cen discursul s\u0103u, adresat copiilor, el a amintit c\u0103 \u00eenv\u0103\u0163\u0103tura \u2013 este o munc\u0103 grea, pe care fiecare trebuie s\u0103 o \u00eendeplineasc\u0103 cu insisten\u0163\u0103 \u015fi str\u0103duin\u0163\u0103. Cu ajutorul Domnului permanent ar trebui s\u0103 \u00eensu\u015fe\u015fti \u015fi s\u0103-\u0163i perfec\u0163ionezi cuno\u015ftin\u0163ele, nu doar de ordin practic, dar \u015fi spiritual. <\/p>\n<p>Pe \u00eenv\u0103\u0163\u0103tori p\u0103rintele i-a \u00eendemnat s\u0103 aib\u0103 mult\u0103 r\u0103bdare \u015fi s\u0103 acorde ajutor la \u00eenv\u0103\u0163\u0103tur\u0103 copiilor, iar p\u0103rin\u0163ii s\u0103 manifeste o grij\u0103 deosebit\u0103 fa\u0163\u0103 de tradi\u0163iile ortodoxe, limba \u015fi cultura matern\u0103, s\u0103-i \u00eenve\u0163e pe copii s\u0103-i respecte pe cei mai mari. <\/p>\n<p>\u201e\u00cen timpul studiilor, \u00een \u015fcoala noastr\u0103 parohial\u0103, vom acorda o aten\u0163ie deosebit\u0103 form\u0103rii spirituale. Pentru noi este important s\u0103 educ\u0103m nu doar mintea, dar \u015fi sufletul, \u015fi inima. F\u0103r\u0103 credin\u0163\u0103, f\u0103r\u0103 Biseric\u0103, f\u0103r\u0103 Dumnezeu nimeni nu a reu\u015fit \u00eenc\u0103 s\u0103 devin\u0103 virtuos \u015fi neprih\u0103nit. Ce \u00eenseamn\u0103 acest lucru? Virtuos, adic\u0103 s\u0103 fii bun dup\u0103 exemplul lui Hristos, iar neprih\u0103nit \u2013 a avea o minte integr\u0103 \u015fi s\u0103n\u0103toas\u0103. \u015ei \u00eenc\u0103 ceva: este bun acel om, care este capabil s\u0103 dea altuia ceea ce are el \u2013 timp, aten\u0163ie, grij\u0103, cel care este capabil s\u0103 iubeasc\u0103. Neprih\u0103nit este cel care are mintea curat\u0103 de orice p\u0103cat \u015fi neadev\u0103r. Deci, dragi copii, \u00eempreun\u0103 vom \u00eenv\u0103\u0163a, astfel \u00eenc\u00eet, acumul\u00eend cuno\u015ftin\u0163e practice, s\u0103 cre\u015ftem \u015fi duhovnice\u0219te\u201d.<\/p>\n<p>Dup\u0103 Te-Deum \u00een sala festiv\u0103 a continuat partea oficial\u0103 a s\u0103rb\u0103torii \u015fi a r\u0103sunat primul sunet. La prima lec\u0163ie copiii erau foarte entuziasma\u0163i \u015fi curio\u015fi, deoarece \u00een fiecare grup\u0103 de copii s-a predat \u00een limba matern\u0103 (rus\u0103, rom\u00e2n\u0103), pe care ei o folosesc doar acas\u0103. <\/p>\n<p>La sf\u00eer\u015fit, to\u0163i cei aduna\u0163i, copii, profesori, p\u0103rin\u0163i, oaspe\u0163i au continuat s\u0103rb\u0103toarea \u00een jurul mesei cu multe dulciuri.  <\/p>\n<p><strong>Fotografii de la acest eveniment g\u0103si\u0163i \u00een <a href=\"http:\/\/www.ortodoxmd.eu\/galerie-foto\/?wppa-occur=1&#038;wppa-cover=0&#038;wppa-album=70\">galeria foto<\/a>. <\/strong><\/p>\n","protected":false},"excerpt":{"rendered":"<p class=\"qtranxs-available-languages-message qtranxs-available-languages-message-fr\">D\u00e9sol\u00e9, cet article est seulement disponible en <a href=\"http:\/\/www.ortodoxmd.eu\/ro\/wp-json\/wp\/v2\/posts\/5041\" class=\"qtranxs-available-language-link qtranxs-available-language-link-ro\" title=\"Rom\u00e2n\u0103\">Rom\u00e2n\u0103<\/a>.<\/p>\n","protected":false},"author":1,"featured_media":2711,"comment_status":"closed","ping_status":"closed","sticky":false,"template":"","format":"standard","meta":{"_jetpack_memberships_contains_paid_content":false,"footnotes":""},"categories":[1,11,5],"tags":[],"class_list":["post-5041","post","type-post","status-publish","format-standard","has-post-thumbnail","hentry","category-anunturi","category-noutati","category-stiri"],"jetpack_featured_media_url":"https:\/\/i0.wp.com\/www.ortodoxmd.eu\/wp-content\/uploads\/2012\/04\/montgeron-eglise-saint-seraphin.jpg?fit=150%2C150&ssl=1","jetpack_shortlink":"https:\/\/wp.me\/p2NLBd-1jj","jetpack_sharing_enabled":true,"_links":{"self":[{"href":"http:\/\/www.ortodoxmd.eu\/fr\/wp-json\/wp\/v2\/posts\/5041","targetHints":{"allow":["GET"]}}],"collection":[{"href":"http:\/\/www.ortodoxmd.eu\/fr\/wp-json\/wp\/v2\/posts"}],"about":[{"href":"http:\/\/www.ortodoxmd.eu\/fr\/wp-json\/wp\/v2\/types\/post"}],"author":[{"embeddable":true,"href":"http:\/\/www.ortodoxmd.eu\/fr\/wp-json\/wp\/v2\/users\/1"}],"replies":[{"embeddable":true,"href":"http:\/\/www.ortodoxmd.eu\/fr\/wp-json\/wp\/v2\/comments?post=5041"}],"version-history":[{"count":3,"href":"http:\/\/www.ortodoxmd.eu\/fr\/wp-json\/wp\/v2\/posts\/5041\/revisions"}],"predecessor-version":[{"id":5044,"href":"http:\/\/www.ortodoxmd.eu\/fr\/wp-json\/wp\/v2\/posts\/5041\/revisions\/5044"}],"wp:featuredmedia":[{"embeddable":true,"href":"http:\/\/www.ortodoxmd.eu\/fr\/wp-json\/wp\/v2\/media\/2711"}],"wp:attachment":[{"href":"http:\/\/www.ortodoxmd.eu\/fr\/wp-json\/wp\/v2\/media?parent=5041"}],"wp:term":[{"taxonomy":"category","embeddable":true,"href":"http:\/\/www.ortodoxmd.eu\/fr\/wp-json\/wp\/v2\/categories?post=5041"},{"taxonomy":"post_tag","embeddable":true,"href":"http:\/\/www.ortodoxmd.eu\/fr\/wp-json\/wp\/v2\/tags?post=5041"}],"curies":[{"name":"wp","href":"https:\/\/api.w.org\/{rel}","templated":true}]}}