{"id":6176,"date":"2015-12-26T10:54:14","date_gmt":"2015-12-26T08:54:14","guid":{"rendered":"http:\/\/www.ortodoxmd.eu\/?p=6176"},"modified":"2015-12-26T10:55:36","modified_gmt":"2015-12-26T08:55:36","slug":"lucrarile-sfantului-sinod-al-bisericii-ortodoxe-ruse-de-pe-24-decembrie","status":"publish","type":"post","link":"http:\/\/www.ortodoxmd.eu\/fr\/lucrarile-sfantului-sinod-al-bisericii-ortodoxe-ruse-de-pe-24-decembrie\/","title":{"rendered":"Lucr\u0103rile Sf\u00e2ntului Sinod al Bisericii Ortodoxe Ruse de pe 24 decembrie"},"content":{"rendered":"<p><strong>La 24 decembrie, \u00een sala Sinodului a re\u015fedin\u0163ei Patriarhale \u015fi Sinodale de la m\u0103n\u0103stirea \u201eSf\u00e2ntul Daniel\u201d, or. Moscova, sub pre\u015fedin\u0163ia Preafericitului Patriarh al Moscovei \u015fi al \u00eentregii Rusii Chiril, a avut loc ultima din acest an \u015fedin\u0163\u0103 a Sf\u00e2ntului Sinod al Bisericii Ortodoxe Ruse.<\/strong><\/p>\n<p>La lucr\u0103rile \u00eenaltului for a participat, \u00een calitate de membru permanent, \u00cePS Vladimir, Mitropolit al Chi\u015fin\u0103ului \u015fi al \u00centregii Moldove, iar prin rota\u0163ie a arhiereilor a fost invitat \u015fi PS Marchel, Episcop de B\u0103l\u0163i \u015fi F\u0103le\u015fti.<\/p>\n<p>\u00cen cadrul \u00eentrunirii, Patriarhul a prezentat un raport referitor la vizitele canonice din ultima perioad\u0103, rela\u0163iile cu Bisericile Ortodoxe-surori, activit\u0103\u0163ile cultural-spirituale, precum \u015fi situa\u0163ia cre\u015ftinilor ortodoc\u015fi din zonele de conflict ale Orientului.<\/p>\n<p>Sinodul a abordat diverse aspecte ale vie\u0163ii eclesiale. Apoi s-au pus \u00een discutie regulamentul privind desf\u0103\u015furarea Soborului Arhieresc al BORu, preconizat pentru perioada 2-3 februarie. La acest sobor sunt invita\u0163i to\u0163i arhiereii din cuprinsul Patriarhiei, inclusiv ierarhii Mitropoliei Moldovei.<\/p>\n<p>Ulterior au fost ascultate rapoartele arhiereilor din cadrul Sinodului referitoare la activitatea recent\u0103 \u015fi propunerile cu privire la ac\u0163iunile ce urmeaz\u0103 a fi \u00eentreprinse ulterior.<\/p>\n<p><strong>Comunitatea cuv. Serafim din Montgeron a fost trecut\u0103 pe lista parohiilor ale BORuse prin jurnalul num\u0103rul 118.<\/strong><\/p>\n<p><a href=\"https:\/\/i0.wp.com\/www.ortodoxmd.eu\/wp-content\/uploads\/2015\/12\/2-2.jpg\"><img data-recalc-dims=\"1\" loading=\"lazy\" decoding=\"async\" class=\"aligncenter wp-image-6178 size-full\" src=\"https:\/\/i0.wp.com\/www.ortodoxmd.eu\/wp-content\/uploads\/2015\/12\/2-2.jpg?resize=640%2C427\" alt=\"\" width=\"640\" height=\"427\" \/><\/a><\/p>\n<p><a href=\"https:\/\/i0.wp.com\/www.ortodoxmd.eu\/wp-content\/uploads\/2015\/12\/4-2.jpg\"><img data-recalc-dims=\"1\" loading=\"lazy\" decoding=\"async\" class=\"aligncenter wp-image-6179 size-full\" src=\"https:\/\/i0.wp.com\/www.ortodoxmd.eu\/wp-content\/uploads\/2015\/12\/4-2.jpg?resize=640%2C433\" alt=\"\" width=\"640\" height=\"433\" \/><\/a><\/p>\n<p><a href=\"https:\/\/i0.wp.com\/www.ortodoxmd.eu\/wp-content\/uploads\/2015\/12\/8-2.jpg\"><img data-recalc-dims=\"1\" loading=\"lazy\" decoding=\"async\" class=\"aligncenter wp-image-6180 size-full\" src=\"https:\/\/i0.wp.com\/www.ortodoxmd.eu\/wp-content\/uploads\/2015\/12\/8-2.jpg?resize=640%2C428\" alt=\"\" width=\"640\" height=\"428\" \/><\/a><\/p>\n","protected":false},"excerpt":{"rendered":"<p class=\"qtranxs-available-languages-message qtranxs-available-languages-message-fr\">D\u00e9sol\u00e9, cet article est seulement disponible en <a href=\"http:\/\/www.ortodoxmd.eu\/ro\/wp-json\/wp\/v2\/posts\/6176\" class=\"qtranxs-available-language-link qtranxs-available-language-link-ro\" title=\"Rom\u00e2n\u0103\">Rom\u00e2n\u0103<\/a>.<\/p>\n","protected":false},"author":1,"featured_media":0,"comment_status":"open","ping_status":"open","sticky":false,"template":"","format":"standard","meta":{"_jetpack_memberships_contains_paid_content":false,"footnotes":""},"categories":[1,11,5],"tags":[],"class_list":["post-6176","post","type-post","status-publish","format-standard","hentry","category-anunturi","category-noutati","category-stiri"],"jetpack_featured_media_url":"","jetpack_shortlink":"https:\/\/wp.me\/p2NLBd-1BC","jetpack_sharing_enabled":true,"_links":{"self":[{"href":"http:\/\/www.ortodoxmd.eu\/fr\/wp-json\/wp\/v2\/posts\/6176","targetHints":{"allow":["GET"]}}],"collection":[{"href":"http:\/\/www.ortodoxmd.eu\/fr\/wp-json\/wp\/v2\/posts"}],"about":[{"href":"http:\/\/www.ortodoxmd.eu\/fr\/wp-json\/wp\/v2\/types\/post"}],"author":[{"embeddable":true,"href":"http:\/\/www.ortodoxmd.eu\/fr\/wp-json\/wp\/v2\/users\/1"}],"replies":[{"embeddable":true,"href":"http:\/\/www.ortodoxmd.eu\/fr\/wp-json\/wp\/v2\/comments?post=6176"}],"version-history":[{"count":2,"href":"http:\/\/www.ortodoxmd.eu\/fr\/wp-json\/wp\/v2\/posts\/6176\/revisions"}],"predecessor-version":[{"id":6182,"href":"http:\/\/www.ortodoxmd.eu\/fr\/wp-json\/wp\/v2\/posts\/6176\/revisions\/6182"}],"wp:attachment":[{"href":"http:\/\/www.ortodoxmd.eu\/fr\/wp-json\/wp\/v2\/media?parent=6176"}],"wp:term":[{"taxonomy":"category","embeddable":true,"href":"http:\/\/www.ortodoxmd.eu\/fr\/wp-json\/wp\/v2\/categories?post=6176"},{"taxonomy":"post_tag","embeddable":true,"href":"http:\/\/www.ortodoxmd.eu\/fr\/wp-json\/wp\/v2\/tags?post=6176"}],"curies":[{"name":"wp","href":"https:\/\/api.w.org\/{rel}","templated":true}]}}