{"id":6556,"date":"2016-08-02T13:24:35","date_gmt":"2016-08-02T11:24:35","guid":{"rendered":"http:\/\/www.ortodoxmd.eu\/?p=6556"},"modified":"2016-08-02T13:28:33","modified_gmt":"2016-08-02T11:28:33","slug":"in-nice-a-avut-loc-inmormintarea-lui-igor-selesko-cititor-in-catedrala-sfintului-nicolai-victima-a-atentatului-terorist-din-14-iulie","status":"publish","type":"post","link":"http:\/\/www.ortodoxmd.eu\/fr\/in-nice-a-avut-loc-inmormintarea-lui-igor-selesko-cititor-in-catedrala-sfintului-nicolai-victima-a-atentatului-terorist-din-14-iulie\/","title":{"rendered":"Enterrement de Igor Cheleshko, sacristain de la cath\u00e9drale Saint-Nicolas et une des victime de l\u2019attentat du 14 juillet"},"content":{"rendered":"<p>Igor Cheleshko, sacristain de la cath\u00e9drale Saint Nicolas, l\u2019une des victime de l\u2019acte barbare commis le 14 juillet, a \u00e9t\u00e9 inhum\u00e9. <\/p>\n<p>Le jeudi 28 juillet, f\u00eate de Saint Vladimir Egal aux Ap\u00f4tres, le sacristain Igor Cheleshko, l\u2019une des victimes de l\u2019attentat de la Promenade des Anglais, a \u00e9t\u00e9 inhum\u00e9 au cimeti\u00e8re de Caucade. <\/p>\n<p>S\u2019\u00e9taient r\u00e9unis pour assister \u00e0 l\u2019office fun\u00e8bre de cet ami du recteur de la cath\u00e9drale, l\u2019archipr\u00eatre Andr\u00e9 Eliss\u00e9ev, les proches et les parents du d\u00e9funt, le clerg\u00e9 de la cath\u00e9drale, des repr\u00e9sentants de la Mairie de Nice et de la Pr\u00e9fecture, de la mission diplomatique russe, de nombreux fid\u00e8les. <\/p>\n<p>L\u2019office \u00e9tait pr\u00e9sid\u00e9 par le p\u00e8re Andr\u00e9 Eliss\u00e9ev, lui conc\u00e9l\u00e9brait le p\u00e8re Maxime Politov, secr\u00e9taire de l\u2019administration dioc\u00e9saine ainsi que l\u2019archipr\u00eatre Nicolas Ozoline, recteur de la paroisse de la M\u00e8re de Dieu Joie de tous les Afflig\u00e9s \u00e0 Menton (EORHF). <\/p>\n<p>C\u2019est au cimeti\u00e8re de Caucade qu\u2019a eu lieu l\u2019inhumation du cercueil.<br \/>\n<\/p>","protected":false},"excerpt":{"rendered":"<p>Igor Cheleshko, sacristain de la cath\u00e9drale Saint Nicolas, l\u2019une des victime de l\u2019acte barbare commis le 14 juillet, a \u00e9t\u00e9 inhum\u00e9.<\/p>\n","protected":false},"author":1,"featured_media":0,"comment_status":"open","ping_status":"open","sticky":false,"template":"","format":"standard","meta":{"_jetpack_memberships_contains_paid_content":false,"footnotes":""},"categories":[11,5],"tags":[],"class_list":["post-6556","post","type-post","status-publish","format-standard","hentry","category-noutati","category-stiri"],"jetpack_featured_media_url":"","jetpack_shortlink":"https:\/\/wp.me\/p2NLBd-1HK","jetpack_sharing_enabled":true,"_links":{"self":[{"href":"http:\/\/www.ortodoxmd.eu\/fr\/wp-json\/wp\/v2\/posts\/6556","targetHints":{"allow":["GET"]}}],"collection":[{"href":"http:\/\/www.ortodoxmd.eu\/fr\/wp-json\/wp\/v2\/posts"}],"about":[{"href":"http:\/\/www.ortodoxmd.eu\/fr\/wp-json\/wp\/v2\/types\/post"}],"author":[{"embeddable":true,"href":"http:\/\/www.ortodoxmd.eu\/fr\/wp-json\/wp\/v2\/users\/1"}],"replies":[{"embeddable":true,"href":"http:\/\/www.ortodoxmd.eu\/fr\/wp-json\/wp\/v2\/comments?post=6556"}],"version-history":[{"count":6,"href":"http:\/\/www.ortodoxmd.eu\/fr\/wp-json\/wp\/v2\/posts\/6556\/revisions"}],"predecessor-version":[{"id":6563,"href":"http:\/\/www.ortodoxmd.eu\/fr\/wp-json\/wp\/v2\/posts\/6556\/revisions\/6563"}],"wp:attachment":[{"href":"http:\/\/www.ortodoxmd.eu\/fr\/wp-json\/wp\/v2\/media?parent=6556"}],"wp:term":[{"taxonomy":"category","embeddable":true,"href":"http:\/\/www.ortodoxmd.eu\/fr\/wp-json\/wp\/v2\/categories?post=6556"},{"taxonomy":"post_tag","embeddable":true,"href":"http:\/\/www.ortodoxmd.eu\/fr\/wp-json\/wp\/v2\/tags?post=6556"}],"curies":[{"name":"wp","href":"https:\/\/api.w.org\/{rel}","templated":true}]}}