{"id":7774,"date":"2018-09-05T08:49:49","date_gmt":"2018-09-05T06:49:49","guid":{"rendered":"http:\/\/www.ortodoxmd.eu\/?p=7774"},"modified":"2018-09-07T08:17:27","modified_gmt":"2018-09-07T06:17:27","slug":"o-noua-editie-a-conferintei-internationale-ecumenice-de-spiritualitate-ortodoxa-si-a-deschis-lucrarile-la-bose-italia","status":"publish","type":"post","link":"http:\/\/www.ortodoxmd.eu\/fr\/o-noua-editie-a-conferintei-internationale-ecumenice-de-spiritualitate-ortodoxa-si-a-deschis-lucrarile-la-bose-italia\/","title":{"rendered":"XXVIe Colloque \u0153cum\u00e9nique international de spiritualit\u00e9 orthodoxe DISCERNEMENT ET VIE CHR\u00c9TIENNE: Bose, 5-8 septembre 2018"},"content":{"rendered":"<p><\/p>\n<p style=\"text-align: center;\"><strong>XXVIe Colloque \u0153cum\u00e9nique international de spiritualit\u00e9 orthodoxe<\/strong><br \/>\n<strong>DISCERNEMENT ET VIE CHR\u00c9TIENNE<\/strong><br \/>\n<strong>Bose, 5-8 septembre 2018<\/strong><br \/>\n<strong>En collaboration avec les \u00c9glises orthodoxes<\/strong><\/p>\n<p>Le discernement est compt\u00e9 parmi les plus nobles charismes de l\u2019Esprit Saint dont parle l\u2019Ap\u00f4tre: \u00ab A l\u2019un est donn\u00e9 par l\u2019Esprit une parole de sagesse ; \u00e0 un autre, une parole de science, selon le m\u00eame Esprit ; \u00e0 un autre, la foi, dans le m\u00eame Esprit; \u00e0 un autre, le charisme des gu\u00e9risons ; \u00e0 un autre le discernement des esprits \u00bb (1 Cor 12: 8-10). Vous le voyez, le don du discernement n\u2019est rien de terrestre ni de petit, mais un tr\u00e8s grand pr\u00e9sent de la gr\u00e2ce divine.<\/p>\n<p>D\u00e9tails et le programme sur le <a href=\"https:\/\/www.monasterodibose.it\/images\/stories\/ospitalita\/convegni-spiritualita-ortodossa\/2018\/2018_CEISO_ITA.pdf\" target=\"_blank\" rel=\"noopener\">site du monast\u00e8re<\/a>.<\/p>","protected":false},"excerpt":{"rendered":"<p>XXVIe Colloque \u0153cum\u00e9nique international de spiritualit\u00e9 orthodoxe avec le sujet principal DISCERNEMENT ET VIE CHR\u00c9TIENNE a lieu \u00e0 Bose, 5-8 septembre 2018, en collaboration avec les \u00c9glises orthodoxes.<\/p>\n","protected":false},"author":1,"featured_media":7775,"comment_status":"open","ping_status":"open","sticky":false,"template":"","format":"standard","meta":{"_jetpack_memberships_contains_paid_content":false,"footnotes":""},"categories":[1,11,5],"tags":[],"class_list":["post-7774","post","type-post","status-publish","format-standard","has-post-thumbnail","hentry","category-anunturi","category-noutati","category-stiri"],"jetpack_featured_media_url":"https:\/\/i0.wp.com\/www.ortodoxmd.eu\/wp-content\/uploads\/2018\/09\/Bose.jpg?fit=160%2C135&ssl=1","jetpack_shortlink":"https:\/\/wp.me\/p2NLBd-21o","jetpack_sharing_enabled":true,"_links":{"self":[{"href":"http:\/\/www.ortodoxmd.eu\/fr\/wp-json\/wp\/v2\/posts\/7774","targetHints":{"allow":["GET"]}}],"collection":[{"href":"http:\/\/www.ortodoxmd.eu\/fr\/wp-json\/wp\/v2\/posts"}],"about":[{"href":"http:\/\/www.ortodoxmd.eu\/fr\/wp-json\/wp\/v2\/types\/post"}],"author":[{"embeddable":true,"href":"http:\/\/www.ortodoxmd.eu\/fr\/wp-json\/wp\/v2\/users\/1"}],"replies":[{"embeddable":true,"href":"http:\/\/www.ortodoxmd.eu\/fr\/wp-json\/wp\/v2\/comments?post=7774"}],"version-history":[{"count":6,"href":"http:\/\/www.ortodoxmd.eu\/fr\/wp-json\/wp\/v2\/posts\/7774\/revisions"}],"predecessor-version":[{"id":7801,"href":"http:\/\/www.ortodoxmd.eu\/fr\/wp-json\/wp\/v2\/posts\/7774\/revisions\/7801"}],"wp:featuredmedia":[{"embeddable":true,"href":"http:\/\/www.ortodoxmd.eu\/fr\/wp-json\/wp\/v2\/media\/7775"}],"wp:attachment":[{"href":"http:\/\/www.ortodoxmd.eu\/fr\/wp-json\/wp\/v2\/media?parent=7774"}],"wp:term":[{"taxonomy":"category","embeddable":true,"href":"http:\/\/www.ortodoxmd.eu\/fr\/wp-json\/wp\/v2\/categories?post=7774"},{"taxonomy":"post_tag","embeddable":true,"href":"http:\/\/www.ortodoxmd.eu\/fr\/wp-json\/wp\/v2\/tags?post=7774"}],"curies":[{"name":"wp","href":"https:\/\/api.w.org\/{rel}","templated":true}]}}