{"id":7896,"date":"2018-09-29T12:37:07","date_gmt":"2018-09-29T10:37:07","guid":{"rendered":"http:\/\/www.ortodoxmd.eu\/?p=7896"},"modified":"2018-09-29T12:38:46","modified_gmt":"2018-09-29T10:38:46","slug":"in-fiecare-vineri-va-fi-savarsita-sfanta-liturgie-la-catedrala-sfintei-treimi-in-limba-romana","status":"publish","type":"post","link":"http:\/\/www.ortodoxmd.eu\/fr\/in-fiecare-vineri-va-fi-savarsita-sfanta-liturgie-la-catedrala-sfintei-treimi-in-limba-romana\/","title":{"rendered":"\u0421haque semaine \u00e0 la Cath\u00e9drale de la Sainte Trinit\u00e9 aura lieu la Sainte Liturgie en roumaine tous les vendredis"},"content":{"rendered":"<p><\/p>\n<p class=\"m_4007818945883807685m_-7476725443334427458m_6374009090732720585m_-3440737183506887207MsoNormal_oo_editor_Editor_1_sandBox_oo_editor_Editor_0_sandBox_oo_editor_Editor_0_sandBox_oo_editor_Editor_5_sandBox\">Chers amis, p\u00e8res, fr\u00e8res et soeurs,<\/p>\n<p>Nous vous transmettons ci-joint les\u00a0<span class=\"m_4007818945883807685m_-7476725443334427458il_oo_editor_Editor_0_sandBox_oo_editor_Editor_5_sandBox\">horaires<\/span>\u00a0des\u00a0<span class=\"m_4007818945883807685m_-7476725443334427458il_oo_editor_Editor_0_sandBox_oo_editor_Editor_5_sandBox\">offices<\/span>\u00a0\u00e0 la Cath\u00e9drale de la Sainte Trinit\u00e9 pour le mois d&rsquo;octobre (dans un nouveau format).<br \/>\nVeuillez prendre en compte quelques nouveaut\u00e9s :<\/p>\n<p class=\"m_4007818945883807685m_-7476725443334427458m_6374009090732720585m_-3440737183506887207MsoNormal_oo_editor_Editor_1_sandBox_oo_editor_Editor_0_sandBox_oo_editor_Editor_0_sandBox_oo_editor_Editor_5_sandBox\"><strong>selon la b\u00e9n\u00e9diction de Monseigneur Nestor, chaque semaine deux Liturgies suppl\u00e9mentaires seront assur\u00e9es dans la Cath\u00e9drale : l&rsquo;une se d\u00e9roulera en fran\u00e7ais tous les mercredis, et l&rsquo;autre &#8211; en rouman tous les vendredis.<\/strong><\/p>\n<p class=\"m_4007818945883807685m_-7476725443334427458m_6374009090732720585m_-3440737183506887207MsoNormal_oo_editor_Editor_1_sandBox_oo_editor_Editor_0_sandBox_oo_editor_Editor_0_sandBox_oo_editor_Editor_5_sandBox\">Les\u00a0<span class=\"m_4007818945883807685m_-7476725443334427458il_oo_editor_Editor_0_sandBox_oo_editor_Editor_5_sandBox\">horaires<\/span>\u00a0des\u00a0<span class=\"m_4007818945883807685m_-7476725443334427458il_oo_editor_Editor_0_sandBox_oo_editor_Editor_5_sandBox\">offices<\/span>\u00a0en fran\u00e7ais et en russe sont accessibles \u00e9galement sur facebook (<a href=\"http:\/\/www.facebook.com\/cathedralesa\" target=\"_blank\" rel=\"noopener\" data-saferedirecturl=\"https:\/\/www.google.com\/url?q=http:\/\/www.facebook.com\/cathedralesa&amp;source=gmail&amp;ust=1538299411589000&amp;usg=AFQjCNGWuRzdEH8OZruriozeeznCvIS2aQ\">www.facebook.com\/cathedralesa<\/a><wbr \/>intetrinite) et sur le nouveau site de la Cath\u00e9drale :<a href=\"http:\/\/cathedrale-sainte-trin\/\" target=\"_blank\" rel=\"noopener\" data-saferedirecturl=\"https:\/\/www.google.com\/url?q=http:\/\/cathedrale-sainte-trin\/&amp;source=gmail&amp;ust=1538299411589000&amp;usg=AFQjCNFqTjEW-uBTF1i-NbTeFDaGdZmNBQ\">http:\/\/cathedrale-sainte-trin<\/a><a href=\"http:\/\/ite.fr\/\" target=\"_blank\" rel=\"noopener\" data-saferedirecturl=\"https:\/\/www.google.com\/url?q=http:\/\/ite.fr&amp;source=gmail&amp;ust=1538299411589000&amp;usg=AFQjCNH2Owxj_0-bpvNc7rN_PFkiISI65w\"><wbr \/>ite.fr<\/a><\/p>\n<p>Restons \u00e0 votre disposition pour toutes vos questions et remarques \u00e0 propos des\u00a0<span class=\"m_4007818945883807685m_-7476725443334427458il_oo_editor_Editor_0_sandBox_oo_editor_Editor_5_sandBox\">offices<\/span>\u00a0: contactez-nous par mail de la cath\u00e9drale ou directement notre responsable d&rsquo;<span class=\"m_4007818945883807685m_-7476725443334427458il_oo_editor_Editor_0_sandBox_oo_editor_Editor_5_sandBox\">horaires\u00a0<\/span>Maxime Venetskov :\u00a0<a href=\"mailto:stefanos88@mail.ru\" target=\"_blank\" rel=\"noopener\">stefanos88@mail.ru<\/a>.<\/p>\n<p><a href=\"http:\/\/www.ortodoxmd.eu\/?attachment_id=7900\" rel=\"attachment wp-att-7900\">10.2018 horaires<\/a><\/p>","protected":false},"excerpt":{"rendered":"<p>Selon la b\u00e9n\u00e9diction de Monseigneur Nestor, chaque semaine deux Liturgies suppl\u00e9mentaires seront assur\u00e9es dans la Cath\u00e9drale : l&rsquo;une se d\u00e9roulera en fran\u00e7ais tous les mercredis, et l&rsquo;autre &#8211; en rouman tous les vendredis.<\/p>\n","protected":false},"author":1,"featured_media":0,"comment_status":"open","ping_status":"open","sticky":false,"template":"","format":"standard","meta":{"_jetpack_memberships_contains_paid_content":false,"footnotes":""},"categories":[1,11,5],"tags":[],"class_list":["post-7896","post","type-post","status-publish","format-standard","hentry","category-anunturi","category-noutati","category-stiri"],"jetpack_featured_media_url":"","jetpack_shortlink":"https:\/\/wp.me\/p2NLBd-23m","jetpack_sharing_enabled":true,"_links":{"self":[{"href":"http:\/\/www.ortodoxmd.eu\/fr\/wp-json\/wp\/v2\/posts\/7896","targetHints":{"allow":["GET"]}}],"collection":[{"href":"http:\/\/www.ortodoxmd.eu\/fr\/wp-json\/wp\/v2\/posts"}],"about":[{"href":"http:\/\/www.ortodoxmd.eu\/fr\/wp-json\/wp\/v2\/types\/post"}],"author":[{"embeddable":true,"href":"http:\/\/www.ortodoxmd.eu\/fr\/wp-json\/wp\/v2\/users\/1"}],"replies":[{"embeddable":true,"href":"http:\/\/www.ortodoxmd.eu\/fr\/wp-json\/wp\/v2\/comments?post=7896"}],"version-history":[{"count":6,"href":"http:\/\/www.ortodoxmd.eu\/fr\/wp-json\/wp\/v2\/posts\/7896\/revisions"}],"predecessor-version":[{"id":7904,"href":"http:\/\/www.ortodoxmd.eu\/fr\/wp-json\/wp\/v2\/posts\/7896\/revisions\/7904"}],"wp:attachment":[{"href":"http:\/\/www.ortodoxmd.eu\/fr\/wp-json\/wp\/v2\/media?parent=7896"}],"wp:term":[{"taxonomy":"category","embeddable":true,"href":"http:\/\/www.ortodoxmd.eu\/fr\/wp-json\/wp\/v2\/categories?post=7896"},{"taxonomy":"post_tag","embeddable":true,"href":"http:\/\/www.ortodoxmd.eu\/fr\/wp-json\/wp\/v2\/tags?post=7896"}],"curies":[{"name":"wp","href":"https:\/\/api.w.org\/{rel}","templated":true}]}}