{"id":9789,"date":"2021-04-20T13:34:21","date_gmt":"2021-04-20T11:34:21","guid":{"rendered":"https:\/\/www.ortodoxmd.eu\/?p=9789"},"modified":"2022-01-24T21:05:53","modified_gmt":"2022-01-24T19:05:53","slug":"a-trecut-la-domnul-parintele-nicolai-nikisin","status":"publish","type":"post","link":"http:\/\/www.ortodoxmd.eu\/fr\/a-trecut-la-domnul-parintele-nicolai-nikisin\/","title":{"rendered":"Information relative aux obs\u00e8ques du p\u00e8re Nicolas Nikichine"},"content":{"rendered":"<p><strong>Demain, le mardi 20 avril, \u00e0 14.00, le corps du d\u00e9funt p\u00e8re Nicolas Nikichine sera mis en bi\u00e8re \u00e0 l\u2019h\u00f4pital de Boulogne.<\/strong><\/p>\n<p>Le m\u00eame jour \u00e0 15.00 le cercueil avec le corps du p\u00e8re Nicolas sera transf\u00e9r\u00e9 \u00e0 l\u2019\u00e9glise cath\u00e9drale des Trois-Saints-Docteurs (rue P\u00e9t\u00e9l). La litia (office pour les d\u00e9funts) y sera c\u00e9l\u00e9br\u00e9e de suite.<\/p>\n<p>Puis il sera possible de rendre un dernier hommage au p\u00e8re Nicolas, dont le corps demeurera en l\u2019\u00e9glise des Trois-Saints-Docteurs jusqu\u2019\u00e0 9.00 du jeudi 22 avril.<\/p>\n<p>Le jeudi 22 avril le cercueil avec le corps du pr\u00eatre d\u00e9funt sera transf\u00e9r\u00e9 en la cath\u00e9drale de la Sainte Trinit\u00e9 o\u00f9 la c\u00e9r\u00e9monie des obs\u00e8ques sera chant\u00e9e \u00e0 10.00. L\u2019office fun\u00e9raire sera pr\u00e9sid\u00e9 par l\u2019archipr\u00eatre Nicolas Rehbinder.<\/p>\n<p>Le lendemain, le vendredi 23 avril, le corps du p\u00e8re Nicolas Nikichine sera inhum\u00e9 au cimeti\u00e8re municipal de Lassay-sur-Croisne.<\/p>\n<p>&#8211;<br \/>\nLe p\u00e8re Nicolas Nikichine s\u2019est \u00e9teint \u00e0 l\u2019\u00e2ge de 69 ans hier, le dimanche 18 avril, \u00e0 l\u2019h\u00f4pital de Boulogne suite \u00e0 l\u2019aggravation de son \u00e9tat de sant\u00e9 due \u00e0 l\u2019infection du coronavirus.<\/p>\n<p>Nous exhortons tous \u00e0 \u00e9lever vos pri\u00e8res pour le repos de l\u2019\u00e2me du p\u00e8re Nicolas Nikichine afin que le Seigneur daigne de l\u2019accueillir dans Son royaume c\u00e9leste ! M\u00e9moire \u00e9ternelle au p\u00e8re Nicolas !<\/p>","protected":false},"excerpt":{"rendered":"<p>Demain, le mardi 20 avril, \u00e0 14.00, le corps du d\u00e9funt p\u00e8re Nicolas Nikichine sera mis en bi\u00e8re \u00e0 l\u2019h\u00f4pital de Boulogne.<\/p>\n","protected":false},"author":1,"featured_media":9790,"comment_status":"open","ping_status":"open","sticky":false,"template":"","format":"standard","meta":{"_jetpack_memberships_contains_paid_content":false,"footnotes":""},"categories":[1,11,5],"tags":[],"class_list":["post-9789","post","type-post","status-publish","format-standard","has-post-thumbnail","hentry","category-anunturi","category-noutati","category-stiri"],"jetpack_featured_media_url":"https:\/\/i0.wp.com\/www.ortodoxmd.eu\/wp-content\/uploads\/2021\/04\/Nikishin_Nikolay.jpg?fit=679%2C494&ssl=1","jetpack_shortlink":"https:\/\/wp.me\/p2NLBd-2xT","jetpack_sharing_enabled":true,"_links":{"self":[{"href":"http:\/\/www.ortodoxmd.eu\/fr\/wp-json\/wp\/v2\/posts\/9789","targetHints":{"allow":["GET"]}}],"collection":[{"href":"http:\/\/www.ortodoxmd.eu\/fr\/wp-json\/wp\/v2\/posts"}],"about":[{"href":"http:\/\/www.ortodoxmd.eu\/fr\/wp-json\/wp\/v2\/types\/post"}],"author":[{"embeddable":true,"href":"http:\/\/www.ortodoxmd.eu\/fr\/wp-json\/wp\/v2\/users\/1"}],"replies":[{"embeddable":true,"href":"http:\/\/www.ortodoxmd.eu\/fr\/wp-json\/wp\/v2\/comments?post=9789"}],"version-history":[{"count":4,"href":"http:\/\/www.ortodoxmd.eu\/fr\/wp-json\/wp\/v2\/posts\/9789\/revisions"}],"predecessor-version":[{"id":10116,"href":"http:\/\/www.ortodoxmd.eu\/fr\/wp-json\/wp\/v2\/posts\/9789\/revisions\/10116"}],"wp:featuredmedia":[{"embeddable":true,"href":"http:\/\/www.ortodoxmd.eu\/fr\/wp-json\/wp\/v2\/media\/9790"}],"wp:attachment":[{"href":"http:\/\/www.ortodoxmd.eu\/fr\/wp-json\/wp\/v2\/media?parent=9789"}],"wp:term":[{"taxonomy":"category","embeddable":true,"href":"http:\/\/www.ortodoxmd.eu\/fr\/wp-json\/wp\/v2\/categories?post=9789"},{"taxonomy":"post_tag","embeddable":true,"href":"http:\/\/www.ortodoxmd.eu\/fr\/wp-json\/wp\/v2\/tags?post=9789"}],"curies":[{"name":"wp","href":"https:\/\/api.w.org\/{rel}","templated":true}]}}