{"id":5111,"date":"2014-12-01T20:15:17","date_gmt":"2014-12-01T18:15:17","guid":{"rendered":"http:\/\/www.ortodoxmd.eu\/?p=5111"},"modified":"2015-09-25T12:52:59","modified_gmt":"2015-09-25T10:52:59","slug":"franta-comunitatea-ortodoxa-moldoveneasca-din-paris-si-a-marcat-ziua-hramului-30-noiembrie-2014","status":"publish","type":"post","link":"http:\/\/www.ortodoxmd.eu\/ru\/franta-comunitatea-ortodoxa-moldoveneasca-din-paris-si-a-marcat-ziua-hramului-30-noiembrie-2014\/","title":{"rendered":"Fran\u0163a: Comunitatea ortodox\u0103 moldoveneasc\u0103 din Paris \u015fi-a marcat ziua hramului, 30 noiembrie 2014"},"content":{"rendered":"<p><strong>Duminic\u0103, 30 noiembrie 2014, comunitatea ortodox\u0103 moldoveneasc\u0103 a Sf\u00eentului Paisie de la Neam\u0163 din Paris \u015fi-a marcat ziua hramului cu mare bucurie duhovniceasc\u0103. <\/strong><\/p>\n<p>Biserica Sf\u00eentului Duh din Clamart unde a avut loc slujba de s\u0103rb\u0103toare a devenit ne\u00eenc\u0103p\u0103toare. La eveniment s-au adunat majoritatea enoria\u015filor \u015fi membrilor comunit\u0103\u0163ii, au participat oaspe\u0163i din alte parohii \u015fi comunit\u0103\u0163i pariziene. <\/p>\n<p>Sf\u00eenta \u015fi Dumnezeiasca Liturghie a fost s\u0103v\u00eer\u015fit\u0103 \u00een mod solemn de c\u0103tre ieromonahul Iosif (Pavlinciuc), secretarul eparhial pentru oc\u00eermuirea comunit\u0103\u0163ilor moldovene\u015fti \u015fi p\u0103rintele protoiereu Igor Trofim.<\/p>\n<p>Corul a fost condus d\u0103 c\u0103tre monahia Valentina Ciunciuc.<\/p>\n<p>Dup\u0103 slujb\u0103 s-au al\u0103turat \u015fi hieromonahii Nicodim (Pavlinciuc) \u0219i Ioan (Baron), iereul Ioan Dimitrov \u0219i diaconul Alexandru Ma\u0219taler.<\/p>\n<p>To\u021bi cei prezenti au fost invita\u021bi \u0219i au \u00eemp\u0103rt\u0103\u0219it agapa fr\u0103\u021beasc\u0103 de s\u0103rb\u0103toare, organizat\u0103 de c\u0103tre enoria\u0219ii comunit\u0103\u021bii noastre.<\/p>\n<p>Mul\u0163i ani tr\u0103iasc\u0103 a r\u0103sunat pentru ierahi, demnitari ai \u021b\u0103rii \u0219i pentru poporul binecredincios moldav.<\/p>\n<p><a href=\"https:\/\/i0.wp.com\/www.ortodoxmd.eu\/wp-content\/uploads\/2014\/12\/IMG_2391.jpeg\"><img data-recalc-dims=\"1\" loading=\"lazy\" decoding=\"async\" src=\"https:\/\/i0.wp.com\/www.ortodoxmd.eu\/wp-content\/uploads\/2014\/12\/IMG_2391.jpeg?resize=640%2C853\" alt=\"IMG_2391\" width=\"640\" height=\"853\" class=\"aligncenter size-full wp-image-5112\" srcset=\"https:\/\/i0.wp.com\/www.ortodoxmd.eu\/wp-content\/uploads\/2014\/12\/IMG_2391.jpeg?w=768&amp;ssl=1 768w, https:\/\/i0.wp.com\/www.ortodoxmd.eu\/wp-content\/uploads\/2014\/12\/IMG_2391.jpeg?resize=225%2C300&amp;ssl=1 225w\" sizes=\"auto, (max-width: 640px) 100vw, 640px\" \/><\/a><\/p>\n<p><a href=\"https:\/\/i0.wp.com\/www.ortodoxmd.eu\/wp-content\/uploads\/2014\/12\/IMG_7385.jpeg\"><img data-recalc-dims=\"1\" loading=\"lazy\" decoding=\"async\" src=\"https:\/\/i0.wp.com\/www.ortodoxmd.eu\/wp-content\/uploads\/2014\/12\/IMG_7385.jpeg?resize=640%2C480\" alt=\"IMG_7385\" width=\"640\" height=\"480\" class=\"aligncenter size-full wp-image-5113\" srcset=\"https:\/\/i0.wp.com\/www.ortodoxmd.eu\/wp-content\/uploads\/2014\/12\/IMG_7385.jpeg?w=1024&amp;ssl=1 1024w, https:\/\/i0.wp.com\/www.ortodoxmd.eu\/wp-content\/uploads\/2014\/12\/IMG_7385.jpeg?resize=300%2C225&amp;ssl=1 300w, https:\/\/i0.wp.com\/www.ortodoxmd.eu\/wp-content\/uploads\/2014\/12\/IMG_7385.jpeg?resize=148%2C112&amp;ssl=1 148w\" sizes=\"auto, (max-width: 640px) 100vw, 640px\" \/><\/a><\/p>\n","protected":false},"excerpt":{"rendered":"<p class=\"qtranxs-available-languages-message qtranxs-available-languages-message-ru\">Sorry, this entry is only available in Romanian.<\/p>\n","protected":false},"author":1,"featured_media":5114,"comment_status":"closed","ping_status":"closed","sticky":false,"template":"","format":"standard","meta":{"_jetpack_memberships_contains_paid_content":false,"footnotes":""},"categories":[1,11,5],"tags":[],"class_list":["post-5111","post","type-post","status-publish","format-standard","has-post-thumbnail","hentry","category-anunturi","category-noutati","category-stiri"],"jetpack_featured_media_url":"https:\/\/i0.wp.com\/www.ortodoxmd.eu\/wp-content\/uploads\/2014\/12\/IMG_2700a.jpg?fit=160%2C120&ssl=1","jetpack_shortlink":"https:\/\/wp.me\/p2NLBd-1kr","jetpack_sharing_enabled":true,"_links":{"self":[{"href":"http:\/\/www.ortodoxmd.eu\/ru\/wp-json\/wp\/v2\/posts\/5111","targetHints":{"allow":["GET"]}}],"collection":[{"href":"http:\/\/www.ortodoxmd.eu\/ru\/wp-json\/wp\/v2\/posts"}],"about":[{"href":"http:\/\/www.ortodoxmd.eu\/ru\/wp-json\/wp\/v2\/types\/post"}],"author":[{"embeddable":true,"href":"http:\/\/www.ortodoxmd.eu\/ru\/wp-json\/wp\/v2\/users\/1"}],"replies":[{"embeddable":true,"href":"http:\/\/www.ortodoxmd.eu\/ru\/wp-json\/wp\/v2\/comments?post=5111"}],"version-history":[{"count":1,"href":"http:\/\/www.ortodoxmd.eu\/ru\/wp-json\/wp\/v2\/posts\/5111\/revisions"}],"predecessor-version":[{"id":5115,"href":"http:\/\/www.ortodoxmd.eu\/ru\/wp-json\/wp\/v2\/posts\/5111\/revisions\/5115"}],"wp:featuredmedia":[{"embeddable":true,"href":"http:\/\/www.ortodoxmd.eu\/ru\/wp-json\/wp\/v2\/media\/5114"}],"wp:attachment":[{"href":"http:\/\/www.ortodoxmd.eu\/ru\/wp-json\/wp\/v2\/media?parent=5111"}],"wp:term":[{"taxonomy":"category","embeddable":true,"href":"http:\/\/www.ortodoxmd.eu\/ru\/wp-json\/wp\/v2\/categories?post=5111"},{"taxonomy":"post_tag","embeddable":true,"href":"http:\/\/www.ortodoxmd.eu\/ru\/wp-json\/wp\/v2\/tags?post=5111"}],"curies":[{"name":"wp","href":"https:\/\/api.w.org\/{rel}","templated":true}]}}