{"id":5197,"date":"2015-01-18T19:23:04","date_gmt":"2015-01-18T17:23:04","guid":{"rendered":"http:\/\/www.ortodoxmd.eu\/?p=5197"},"modified":"2015-09-25T12:41:08","modified_gmt":"2015-09-25T10:41:08","slug":"franta-biserica-sf-serafim-de-sarov-din-montgeron-si-a-marcat-ziua-hramului","status":"publish","type":"post","link":"http:\/\/www.ortodoxmd.eu\/ru\/franta-biserica-sf-serafim-de-sarov-din-montgeron-si-a-marcat-ziua-hramului\/","title":{"rendered":"Fran\u0163a: Biserica Sf. Serafim de Sarov din Montgeron \u015fi-a marcat ziua hramului"},"content":{"rendered":"<p><strong>Joi, 15 ianuarie, \u00een ziua pomenirii Sf. Serafim de Sarov, comunitatea  parohiei Sfin\u021bilor Serghie \u0219i Gherman de Valaam \u0219i a Sf\u00e2ntului Serafim de Sarov din Montgeron  \u015fi-a serbat solemn ziua hramului.<\/strong><\/p>\n<p>Manifesta\u0163iile au \u00eenceput cu citirea acatistului Sf. Serafim de Sarov, protectorul bisericii. <\/p>\n<p>Sf\u00eenta \u015fi Dumnezeiasca Liturghie a fost oficiat\u0103 de episcopul Nestor al Corsunului, \u00eempeun\u0103 cu parohul bisericii ieromonahul Nicodim (Pavlinciuc), secretarul eparhial pentru oc\u00eermuirea comunit\u0103\u0163ilor moldovene\u015fti  ieromonahul Iosif (Pavlinciuc), protoiereul Igor Trofim, directorul centrului de pelerinaj iereul Nicolai Niki\u015fin, ieromonahul Ioann (Baron), secretarul eparhial iereul Maxim Politov, iereul Ioann Dimitrov \u015fi diaconul Gheorghe \u015ee\u015fko. <\/p>\n<p>Sf\u00eenta Liturghie a fost s\u0103v\u00eer\u015fit\u0103 \u00een limbile slavon\u0103 veche, francez\u0103 \u015fi rom\u00e2n\u0103. <\/p>\n<p>La sf\u00eer\u015fit a r\u0103sunat tradi\u0163ionalul mul\u0163i ani pentru patriarhul Chiril, episcoul Nestor, parohul bisericii, pentru cler, cor, enoria\u015fi \u015fi oaspe\u0163ii comunit\u0103\u0163ii ortodoxe din Montgeron. <\/p>\n<p>Episcopul Nestor a adresat un cuv\u0103nt de \u00eenv\u0103\u0163\u0103tur\u0103 celor prezen\u0163i, \u00een care a adus exemple de sfin\u0163enie \u015fi smerenie a ocrotitorului comunit\u0103\u0163ii Sf\u00eentului Serafim de Sarov. <\/p>\n<p>Parohul bisericii a mul\u0163umit episcopului Nestor \u015fi tuturor participan\u0163ilor pentru aten\u0163ia fa\u0163\u0103 de comunitatea \u00eencredin\u0163at\u0103 lui, pentru rug\u0103ciunile comune \u00een aceast\u0103 zi important\u0103 \u015fi deosebit\u0103 pentru comunitate. <\/p>\n<p>Apoi episcopl condus de parintele Nicodim a vizitat \u00eenc\u0103perile al\u0103turate bisericii (\u201eCastelul de la Montgeron\u201d) \u2013 complexul medieval, unde ast\u0103zi \u00ee\u015fi desf\u0103\u015foar\u0103 activit\u0103\u0163ile comunitatea bisericii Sf. Serafim de Sarov.<\/p>\n<p>Festivit\u0103\u0163ile s-au \u00eencheiat la masa de s\u0103rb\u0103toare, preg\u0103tit\u0103 de enoria\u015fii bisericii.<\/p>\n","protected":false},"excerpt":{"rendered":"<p class=\"qtranxs-available-languages-message qtranxs-available-languages-message-ru\">Sorry, this entry is only available in Romanian.<\/p>\n","protected":false},"author":1,"featured_media":5198,"comment_status":"closed","ping_status":"closed","sticky":false,"template":"","format":"standard","meta":{"_jetpack_memberships_contains_paid_content":false,"footnotes":""},"categories":[1,11,5],"tags":[],"class_list":["post-5197","post","type-post","status-publish","format-standard","has-post-thumbnail","hentry","category-anunturi","category-noutati","category-stiri"],"jetpack_featured_media_url":"https:\/\/i0.wp.com\/www.ortodoxmd.eu\/wp-content\/uploads\/2015\/01\/montgeron.jpg?fit=160%2C129&ssl=1","jetpack_shortlink":"https:\/\/wp.me\/p2NLBd-1lP","jetpack_sharing_enabled":true,"_links":{"self":[{"href":"http:\/\/www.ortodoxmd.eu\/ru\/wp-json\/wp\/v2\/posts\/5197","targetHints":{"allow":["GET"]}}],"collection":[{"href":"http:\/\/www.ortodoxmd.eu\/ru\/wp-json\/wp\/v2\/posts"}],"about":[{"href":"http:\/\/www.ortodoxmd.eu\/ru\/wp-json\/wp\/v2\/types\/post"}],"author":[{"embeddable":true,"href":"http:\/\/www.ortodoxmd.eu\/ru\/wp-json\/wp\/v2\/users\/1"}],"replies":[{"embeddable":true,"href":"http:\/\/www.ortodoxmd.eu\/ru\/wp-json\/wp\/v2\/comments?post=5197"}],"version-history":[{"count":3,"href":"http:\/\/www.ortodoxmd.eu\/ru\/wp-json\/wp\/v2\/posts\/5197\/revisions"}],"predecessor-version":[{"id":5201,"href":"http:\/\/www.ortodoxmd.eu\/ru\/wp-json\/wp\/v2\/posts\/5197\/revisions\/5201"}],"wp:featuredmedia":[{"embeddable":true,"href":"http:\/\/www.ortodoxmd.eu\/ru\/wp-json\/wp\/v2\/media\/5198"}],"wp:attachment":[{"href":"http:\/\/www.ortodoxmd.eu\/ru\/wp-json\/wp\/v2\/media?parent=5197"}],"wp:term":[{"taxonomy":"category","embeddable":true,"href":"http:\/\/www.ortodoxmd.eu\/ru\/wp-json\/wp\/v2\/categories?post=5197"},{"taxonomy":"post_tag","embeddable":true,"href":"http:\/\/www.ortodoxmd.eu\/ru\/wp-json\/wp\/v2\/tags?post=5197"}],"curies":[{"name":"wp","href":"https:\/\/api.w.org\/{rel}","templated":true}]}}