{"id":5452,"date":"2015-05-12T22:07:21","date_gmt":"2015-05-12T20:07:21","guid":{"rendered":"http:\/\/www.ortodoxmd.eu\/?p=5452"},"modified":"2015-09-25T12:41:06","modified_gmt":"2015-09-25T10:41:06","slug":"foto-franta-sfinta-liturghie-a-fost-savirsita-la-biserica-sf-petru-din-valence","status":"publish","type":"post","link":"http:\/\/www.ortodoxmd.eu\/ru\/foto-franta-sfinta-liturghie-a-fost-savirsita-la-biserica-sf-petru-din-valence\/","title":{"rendered":"(Foto) Fran\u0163a: Sf\u00eenta Liturghie a fost s\u0103v\u00eer\u015fit\u0103 la Biserica Sf. Petru din Valence"},"content":{"rendered":"<p><strong>S\u00eemb\u0103t\u0103, 9 mai 2015, \u00een Biserica Sf\u00eentului Petru din Valence a fost s\u0103v\u00eer\u015fit\u0103 Sf\u00eenta \u015fi Dumnezeiasca Liturghie.<\/strong><\/p>\n<p>Sf\u00eenta \u015fi Dumnezeiasca Liturghie a fost celebrat\u0103 de ieromonahul Iosif (Pavlinciuc). R\u0103spunsurile la stran\u0103 au fost date de corul comunit\u0103\u0163ii din Valence, condus de p\u0103rintele ieromonah Nicodim (Pavlinciuc).<\/p>\n<p>Sf\u00eenta Liturghie a fost s\u0103v\u00eer\u015fit\u0103 \u00een trei limbi: slavon\u0103, rom\u00e2n\u0103 \u015fi francez\u0103.<\/p>\n<p>Mai multe despre comunitatea ortodox\u0103 din Valence g\u0103si\u0163i <a href=\"http:\/\/www.ortodoxmd.eu\/franta-o-noua-comunitate-ortodoxa-se-formeaza-la-bourg-les-valence\/\">aici<\/a>.<\/p>\n<p><em><strong>Public\u0103m \u00een continuare predica ieromonahul Iosif, \u0163inut\u0103 \u00een timpul Sfintei Liturghii pascale:<\/strong><\/em><\/p>\n<p><strong>\u00cen numele Tat\u0103lui, \u015fi a Fiului, \u015fi a Sf\u00eentului Duh.<\/strong><\/p>\n<p><strong>&#171;Hristos a \u00cenviat din mor\u0163i, Cu moartea pre moarte c\u0103lc\u00eend, \u015ei celor din morminte via\u0163\u0103 d\u0103ruindule\u00a0!&#187;<\/strong><\/p>\n<p><strong>Acesta este troparul Sfintelor Pa\u015fti. El este c\u00eentat cu mare bucurie, de nenum\u0103rate ori, \u00een timpul slujbelor pascale \u015fi \u00een perioada dintre Pa\u015fti \u015fi \u00cen\u0103l\u0163area Domnului.<\/strong><\/p>\n<p><strong>Ast\u0103zi, noi am celebrat Sf\u00eenta Liturghie conform tipiconului pascal. Este pentru prima dat\u0103 c\u00eend la Valence noi celebr\u0103m s\u0103rb\u0103toarea Sfintelor Pa\u015fti ortodox. Da, noi am \u00eent\u00eerziat aceast\u0103 serbare, dar este o prim\u0103 experien\u0163\u0103 pentru noi, este posibilitatea de a ne manifesta buna inten\u0163ie, de a continua s\u0103 organiz\u0103m \u015fi dezvolt\u0103m o comunitate ortodox\u0103 \u00een acest ora\u015f.<\/strong><\/p>\n<p><strong>Este important s\u0103 preciz\u0103m c\u0103 noi celebr\u0103m ast\u0103zi \u015fi ziua victoriei Uniunii Sovietice \u015fi a alia\u0163ilor s\u0103i asupra Germaniei naziste \u015fi sf\u00eer\u015fitul celui de-al doilea R\u0103zboi Mondial \u00een Europa, marcat prin anun\u0163area capitul\u0103rii Germaniei. De ce\u00a0? Deoarece \u00een a. 1945, 9 mai era \u00eentr-o zi de miercuri din S\u0103pt\u0103m\u00eena Luminat\u0103 \u015fi cre\u015ftinii din lumea toat\u0103 celebrau victoria etern\u0103 a lui Hristos \u00eempreun\u0103 cu \u015fi victoria asupra fascismului.<\/strong><\/p>\n<p><strong>Ast\u0103zi noi marc\u0103m victoria asupra p\u0103catului, asupra mor\u0163ii, asupra diavolului \u015fi a tuturor puterilor r\u0103ului. \u00a0Iisus Hristos, de multe ori, a numit diavolul ca prin\u0163 al acestei lumi. Deci, prin moartea Sa el a putut s\u0103 o fac\u0103\u00a0: &#171;s\u0103 surpe pe cel ce are st\u0103p\u00e2nirea mor\u0163ii, adic\u0103 pe diavolul&#187; Evr. 2 : 14<\/strong><\/p>\n<p><strong>Aceast\u0103 victorie glorioas\u0103 are o dimensiune ve\u015fnic\u0103 \u015fi universal\u0103, ea nu poate s\u0103 se limiteze la o perioad\u0103 sau la un popor, ori \u0163ar\u0103. Victoria din 1945 a fost celebrat\u0103 \u00een perioada sovietic\u0103 cu mai mult\u0103 solemnitate \u015fi fast dec\u00eet Pa\u015ftele, dar oamenii, incon\u015ftient, au celebrat triumful Domnului. Doar dup\u0103 \u00ab\u00a0p\u00e9restro\u00efka\u00a0\u00bb, societatea sovietic\u0103 a \u00eenceput s\u0103-\u015fi schimbe atitudinea fa\u0163\u0103 de importan\u0163a s\u0103rb\u0103torilor de Pa\u015fti \u015fi a schimbat accentele, d\u00eend s\u0103rb\u0103torii de Pa\u015fti privilegii \u015fi \u00eent\u00eeietate. Desigur, noi avem un mare respect pentru cei care s-au sacrificat pentru pacea lumii, dar amintirea lor poate s\u0103 aib\u0103 finalitate \u00een lumina lui Hristos \u015fi \u00een victoria Sa.<\/strong><\/p>\n<p><strong>Noi ne rug\u0103m pentru to\u0163i cei care au fost omor\u00ee\u0163i \u00een timpul acestui teribil r\u0103zboi, dar \u015fi pentru toate victimele altor r\u0103zboaie recente. Aici m\u0103 g\u00eendesc la Ucraina, Siria, Serbia \u015fi la alte state cuprinse de conflicte fratricide \u015fi tulbur\u0103ri s\u00eengeroase.<\/strong><\/p>\n<p><strong>Revenind la importan\u0163a spiritual\u0103 a acestei zile, ne bucur\u0103m \u00eentru Domnul, pentru c\u0103 noi care am fost boteza\u0163i \u00eentru Hristos, am fost boteza\u0163i \u00een moartea Sa. Sper\u0103m c\u0103 vom rena\u015fte de asemenea \u00eempreun\u0103 cu El pentru via\u0163a ve\u015fnic\u0103. Amin.<\/strong><\/p>\n<p>&nbsp;<\/p>\n<p><a href=\"https:\/\/i0.wp.com\/www.ortodoxmd.eu\/wp-content\/uploads\/2015\/05\/IMG_3800.jpg\"><img data-recalc-dims=\"1\" loading=\"lazy\" decoding=\"async\" class=\"aligncenter  wp-image-5453\" src=\"https:\/\/i0.wp.com\/www.ortodoxmd.eu\/wp-content\/uploads\/2015\/05\/IMG_3800.jpg?resize=477%2C477\" alt=\"IMG_3800\" width=\"477\" height=\"477\" srcset=\"https:\/\/i0.wp.com\/www.ortodoxmd.eu\/wp-content\/uploads\/2015\/05\/IMG_3800.jpg?w=768&amp;ssl=1 768w, https:\/\/i0.wp.com\/www.ortodoxmd.eu\/wp-content\/uploads\/2015\/05\/IMG_3800.jpg?resize=150%2C150&amp;ssl=1 150w, https:\/\/i0.wp.com\/www.ortodoxmd.eu\/wp-content\/uploads\/2015\/05\/IMG_3800.jpg?resize=300%2C300&amp;ssl=1 300w, https:\/\/i0.wp.com\/www.ortodoxmd.eu\/wp-content\/uploads\/2015\/05\/IMG_3800.jpg?resize=50%2C50&amp;ssl=1 50w\" sizes=\"auto, (max-width: 477px) 100vw, 477px\" \/><\/a> \u00a0 <a href=\"https:\/\/i0.wp.com\/www.ortodoxmd.eu\/wp-content\/uploads\/2015\/05\/IMG_3802.jpg\"><img data-recalc-dims=\"1\" loading=\"lazy\" decoding=\"async\" class=\"aligncenter  wp-image-5454\" src=\"https:\/\/i0.wp.com\/www.ortodoxmd.eu\/wp-content\/uploads\/2015\/05\/IMG_3802.jpg?resize=474%2C474\" alt=\"IMG_3802\" width=\"474\" height=\"474\" srcset=\"https:\/\/i0.wp.com\/www.ortodoxmd.eu\/wp-content\/uploads\/2015\/05\/IMG_3802.jpg?w=768&amp;ssl=1 768w, https:\/\/i0.wp.com\/www.ortodoxmd.eu\/wp-content\/uploads\/2015\/05\/IMG_3802.jpg?resize=150%2C150&amp;ssl=1 150w, https:\/\/i0.wp.com\/www.ortodoxmd.eu\/wp-content\/uploads\/2015\/05\/IMG_3802.jpg?resize=300%2C300&amp;ssl=1 300w, https:\/\/i0.wp.com\/www.ortodoxmd.eu\/wp-content\/uploads\/2015\/05\/IMG_3802.jpg?resize=50%2C50&amp;ssl=1 50w\" sizes=\"auto, (max-width: 474px) 100vw, 474px\" \/><\/a> \u00a0 <a href=\"https:\/\/i0.wp.com\/www.ortodoxmd.eu\/wp-content\/uploads\/2015\/05\/IMG_3804.jpg\"><img data-recalc-dims=\"1\" loading=\"lazy\" decoding=\"async\" class=\"aligncenter  wp-image-5455\" src=\"https:\/\/i0.wp.com\/www.ortodoxmd.eu\/wp-content\/uploads\/2015\/05\/IMG_3804.jpg?resize=474%2C474\" alt=\"IMG_3804\" width=\"474\" height=\"474\" srcset=\"https:\/\/i0.wp.com\/www.ortodoxmd.eu\/wp-content\/uploads\/2015\/05\/IMG_3804.jpg?w=768&amp;ssl=1 768w, https:\/\/i0.wp.com\/www.ortodoxmd.eu\/wp-content\/uploads\/2015\/05\/IMG_3804.jpg?resize=150%2C150&amp;ssl=1 150w, https:\/\/i0.wp.com\/www.ortodoxmd.eu\/wp-content\/uploads\/2015\/05\/IMG_3804.jpg?resize=300%2C300&amp;ssl=1 300w, https:\/\/i0.wp.com\/www.ortodoxmd.eu\/wp-content\/uploads\/2015\/05\/IMG_3804.jpg?resize=50%2C50&amp;ssl=1 50w\" sizes=\"auto, (max-width: 474px) 100vw, 474px\" \/><\/a> \u00a0 <a href=\"https:\/\/i0.wp.com\/www.ortodoxmd.eu\/wp-content\/uploads\/2015\/05\/IMG_3806.jpg\"><img data-recalc-dims=\"1\" loading=\"lazy\" decoding=\"async\" class=\"aligncenter  wp-image-5456\" src=\"https:\/\/i0.wp.com\/www.ortodoxmd.eu\/wp-content\/uploads\/2015\/05\/IMG_3806.jpg?resize=480%2C480\" alt=\"IMG_3806\" width=\"480\" height=\"480\" srcset=\"https:\/\/i0.wp.com\/www.ortodoxmd.eu\/wp-content\/uploads\/2015\/05\/IMG_3806.jpg?w=768&amp;ssl=1 768w, https:\/\/i0.wp.com\/www.ortodoxmd.eu\/wp-content\/uploads\/2015\/05\/IMG_3806.jpg?resize=150%2C150&amp;ssl=1 150w, https:\/\/i0.wp.com\/www.ortodoxmd.eu\/wp-content\/uploads\/2015\/05\/IMG_3806.jpg?resize=300%2C300&amp;ssl=1 300w, https:\/\/i0.wp.com\/www.ortodoxmd.eu\/wp-content\/uploads\/2015\/05\/IMG_3806.jpg?resize=50%2C50&amp;ssl=1 50w\" sizes=\"auto, (max-width: 480px) 100vw, 480px\" \/><\/a><\/p>\n","protected":false},"excerpt":{"rendered":"<p class=\"qtranxs-available-languages-message qtranxs-available-languages-message-ru\">Sorry, this entry is only available in Romanian.<\/p>\n","protected":false},"author":1,"featured_media":5457,"comment_status":"closed","ping_status":"closed","sticky":false,"template":"","format":"standard","meta":{"_jetpack_memberships_contains_paid_content":false,"footnotes":""},"categories":[1,11,10,5],"tags":[],"class_list":["post-5452","post","type-post","status-publish","format-standard","has-post-thumbnail","hentry","category-anunturi","category-noutati","category-predici","category-stiri"],"jetpack_featured_media_url":"https:\/\/i0.wp.com\/www.ortodoxmd.eu\/wp-content\/uploads\/2015\/05\/IMG_3806a.jpg?fit=160%2C133&ssl=1","jetpack_shortlink":"https:\/\/wp.me\/p2NLBd-1pW","jetpack_sharing_enabled":true,"_links":{"self":[{"href":"http:\/\/www.ortodoxmd.eu\/ru\/wp-json\/wp\/v2\/posts\/5452","targetHints":{"allow":["GET"]}}],"collection":[{"href":"http:\/\/www.ortodoxmd.eu\/ru\/wp-json\/wp\/v2\/posts"}],"about":[{"href":"http:\/\/www.ortodoxmd.eu\/ru\/wp-json\/wp\/v2\/types\/post"}],"author":[{"embeddable":true,"href":"http:\/\/www.ortodoxmd.eu\/ru\/wp-json\/wp\/v2\/users\/1"}],"replies":[{"embeddable":true,"href":"http:\/\/www.ortodoxmd.eu\/ru\/wp-json\/wp\/v2\/comments?post=5452"}],"version-history":[{"count":5,"href":"http:\/\/www.ortodoxmd.eu\/ru\/wp-json\/wp\/v2\/posts\/5452\/revisions"}],"predecessor-version":[{"id":5470,"href":"http:\/\/www.ortodoxmd.eu\/ru\/wp-json\/wp\/v2\/posts\/5452\/revisions\/5470"}],"wp:featuredmedia":[{"embeddable":true,"href":"http:\/\/www.ortodoxmd.eu\/ru\/wp-json\/wp\/v2\/media\/5457"}],"wp:attachment":[{"href":"http:\/\/www.ortodoxmd.eu\/ru\/wp-json\/wp\/v2\/media?parent=5452"}],"wp:term":[{"taxonomy":"category","embeddable":true,"href":"http:\/\/www.ortodoxmd.eu\/ru\/wp-json\/wp\/v2\/categories?post=5452"},{"taxonomy":"post_tag","embeddable":true,"href":"http:\/\/www.ortodoxmd.eu\/ru\/wp-json\/wp\/v2\/tags?post=5452"}],"curies":[{"name":"wp","href":"https:\/\/api.w.org\/{rel}","templated":true}]}}