{"id":2276,"date":"2011-12-22T03:06:41","date_gmt":"2011-12-22T01:06:41","guid":{"rendered":"http:\/\/www.ortodoxmd.eu\/?p=2276"},"modified":"2015-09-25T15:48:27","modified_gmt":"2015-09-25T13:48:27","slug":"colinda-7","status":"publish","type":"post","link":"https:\/\/www.ortodoxmd.eu\/en\/colinda-7\/","title":{"rendered":"Noaptei peste Palestina"},"content":{"rendered":"<p>Noaptei peste Palestina<br \/>\nLumea doarme lini\u015ftit<br \/>\nMun\u0163i \u015fi v\u0103i \u015fi ap\u0103 lin\u0103<br \/>\nToate acum au adormit<\/p>\n<p>Luna-n ceruri st\u0103 de paz\u0103<br \/>\nLumini\u0163ile s-au stins<br \/>\nDoar p\u0103storii privegheaz\u0103<br \/>\nSt\u00eend l\u00eeng\u0103 un rug aprins<\/p>\n<p>Obosit e Betleemul<br \/>\nP\u0103storii la turma lor<br \/>\nParc\u0103-a\u015fteapt\u0103 din cer semnul<br \/>\nBucuria tuturor<\/p>\n<p>\u015ei de-o dat\u0103 li se-arat\u0103<br \/>\n\u00cengerul Sf\u00eent Prealuminat<br \/>\nAcea tainic\u0103 lumin\u0103<br \/>\nPe p\u0103stori i-a-nfrico\u015fat<\/p>\n<p>&#8211;\u00a0\u00a0 \u00a0Nu v\u0103 teme\u0163i ? El le spune:<br \/>\n&#8211;\u00a0\u00a0 \u00a0\u201e Sunt trimis s\u0103 v\u0103 vestesc<br \/>\n&#8211;\u00a0\u00a0 \u00a0Tain\u0103 mare cu minune<br \/>\n&#8211;\u00a0\u00a0 \u00a0De la Tat\u0103l cel ceresc<\/p>\n<p>Mil\u0103 Tat\u0103l v\u0103 aduce<br \/>\nDomnul Cel nem\u0103rginit<br \/>\n\u015ei pe Fiul S\u0103u prea dulce<br \/>\nPentru lume l-a jertfit\u201d<\/p>\n<p>Slav\u0103-n ceruri pace-n lume<br \/>\nDumnezeu ne-a d\u0103ruit<br \/>\nDin Fecioar\u0103 cu Sf\u00eent nume<br \/>\nPrunc Iisus ne-a r\u0103s\u0103rit.<\/p>\n","protected":false},"excerpt":{"rendered":"<p class=\"qtranxs-available-languages-message qtranxs-available-languages-message-en\">Sorry, this entry is only available in <a href=\"https:\/\/www.ortodoxmd.eu\/ro\/wp-json\/wp\/v2\/posts\/2276\" class=\"qtranxs-available-language-link qtranxs-available-language-link-ro\" title=\"Rom\u00e2n\u0103\">Rom\u00e2n\u0103<\/a>.<\/p>\n","protected":false},"author":1,"featured_media":0,"comment_status":"closed","ping_status":"closed","sticky":false,"template":"","format":"standard","meta":{"_jetpack_memberships_contains_paid_content":false,"footnotes":""},"categories":[14,6],"tags":[],"class_list":["post-2276","post","type-post","status-publish","format-standard","hentry","category-colinde","category-rugaciuni"],"jetpack_featured_media_url":"","jetpack_shortlink":"https:\/\/wp.me\/p2NLBd-AI","jetpack_sharing_enabled":true,"_links":{"self":[{"href":"https:\/\/www.ortodoxmd.eu\/en\/wp-json\/wp\/v2\/posts\/2276","targetHints":{"allow":["GET"]}}],"collection":[{"href":"https:\/\/www.ortodoxmd.eu\/en\/wp-json\/wp\/v2\/posts"}],"about":[{"href":"https:\/\/www.ortodoxmd.eu\/en\/wp-json\/wp\/v2\/types\/post"}],"author":[{"embeddable":true,"href":"https:\/\/www.ortodoxmd.eu\/en\/wp-json\/wp\/v2\/users\/1"}],"replies":[{"embeddable":true,"href":"https:\/\/www.ortodoxmd.eu\/en\/wp-json\/wp\/v2\/comments?post=2276"}],"version-history":[{"count":3,"href":"https:\/\/www.ortodoxmd.eu\/en\/wp-json\/wp\/v2\/posts\/2276\/revisions"}],"predecessor-version":[{"id":5868,"href":"https:\/\/www.ortodoxmd.eu\/en\/wp-json\/wp\/v2\/posts\/2276\/revisions\/5868"}],"wp:attachment":[{"href":"https:\/\/www.ortodoxmd.eu\/en\/wp-json\/wp\/v2\/media?parent=2276"}],"wp:term":[{"taxonomy":"category","embeddable":true,"href":"https:\/\/www.ortodoxmd.eu\/en\/wp-json\/wp\/v2\/categories?post=2276"},{"taxonomy":"post_tag","embeddable":true,"href":"https:\/\/www.ortodoxmd.eu\/en\/wp-json\/wp\/v2\/tags?post=2276"}],"curies":[{"name":"wp","href":"https:\/\/api.w.org\/{rel}","templated":true}]}}