{"id":2931,"date":"2012-06-01T06:08:16","date_gmt":"2012-06-01T04:08:16","guid":{"rendered":"http:\/\/www.ortodoxmd.eu\/?p=2931"},"modified":"2015-09-25T15:18:03","modified_gmt":"2015-09-25T13:18:03","slug":"luni-4-iunie-va-fi-oficiata-sf-liturghie-la-bisericuta-sf-duh-din-clamart","status":"publish","type":"post","link":"https:\/\/www.ortodoxmd.eu\/en\/luni-4-iunie-va-fi-oficiata-sf-liturghie-la-bisericuta-sf-duh-din-clamart\/","title":{"rendered":"(Rom\u00e2n\u0103) Luni, 4 iunie va fi oficiat\u0103 Sf. Liturghie la bisericu\u021ba Sf. Duh din Clamart"},"content":{"rendered":"<p class=\"qtranxs-available-languages-message qtranxs-available-languages-message-en\">Sorry, this entry is only available in <a href=\"https:\/\/www.ortodoxmd.eu\/ro\/wp-json\/wp\/v2\/posts\/2931\" class=\"qtranxs-available-language-link qtranxs-available-language-link-ro\" title=\"Rom\u00e2n\u0103\">Rom\u00e2n\u0103<\/a>.<\/p>","protected":false},"excerpt":{"rendered":"<p class=\"qtranxs-available-languages-message qtranxs-available-languages-message-en\">Sorry, this entry is only available in <a href=\"https:\/\/www.ortodoxmd.eu\/ro\/wp-json\/wp\/v2\/posts\/2931\" class=\"qtranxs-available-language-link qtranxs-available-language-link-ro\" title=\"Rom\u00e2n\u0103\">Rom\u00e2n\u0103<\/a>.<\/p>\n","protected":false},"author":1,"featured_media":2932,"comment_status":"closed","ping_status":"closed","sticky":false,"template":"","format":"standard","meta":{"_jetpack_memberships_contains_paid_content":false,"footnotes":""},"categories":[1,5],"tags":[],"class_list":["post-2931","post","type-post","status-publish","format-standard","has-post-thumbnail","hentry","category-anunturi","category-stiri"],"jetpack_featured_media_url":"https:\/\/i0.wp.com\/www.ortodoxmd.eu\/wp-content\/uploads\/2012\/06\/clamart.jpg?fit=148%2C112&ssl=1","jetpack_shortlink":"https:\/\/wp.me\/p2NLBd-Lh","jetpack_sharing_enabled":true,"_links":{"self":[{"href":"https:\/\/www.ortodoxmd.eu\/en\/wp-json\/wp\/v2\/posts\/2931","targetHints":{"allow":["GET"]}}],"collection":[{"href":"https:\/\/www.ortodoxmd.eu\/en\/wp-json\/wp\/v2\/posts"}],"about":[{"href":"https:\/\/www.ortodoxmd.eu\/en\/wp-json\/wp\/v2\/types\/post"}],"author":[{"embeddable":true,"href":"https:\/\/www.ortodoxmd.eu\/en\/wp-json\/wp\/v2\/users\/1"}],"replies":[{"embeddable":true,"href":"https:\/\/www.ortodoxmd.eu\/en\/wp-json\/wp\/v2\/comments?post=2931"}],"version-history":[{"count":2,"href":"https:\/\/www.ortodoxmd.eu\/en\/wp-json\/wp\/v2\/posts\/2931\/revisions"}],"predecessor-version":[{"id":2934,"href":"https:\/\/www.ortodoxmd.eu\/en\/wp-json\/wp\/v2\/posts\/2931\/revisions\/2934"}],"wp:featuredmedia":[{"embeddable":true,"href":"https:\/\/www.ortodoxmd.eu\/en\/wp-json\/wp\/v2\/media\/2932"}],"wp:attachment":[{"href":"https:\/\/www.ortodoxmd.eu\/en\/wp-json\/wp\/v2\/media?parent=2931"}],"wp:term":[{"taxonomy":"category","embeddable":true,"href":"https:\/\/www.ortodoxmd.eu\/en\/wp-json\/wp\/v2\/categories?post=2931"},{"taxonomy":"post_tag","embeddable":true,"href":"https:\/\/www.ortodoxmd.eu\/en\/wp-json\/wp\/v2\/tags?post=2931"}],"curies":[{"name":"wp","href":"https:\/\/api.w.org\/{rel}","templated":true}]}}