{"id":4889,"date":"2014-05-21T11:11:32","date_gmt":"2014-05-21T09:11:32","guid":{"rendered":"http:\/\/www.ortodoxmd.eu\/?p=4889"},"modified":"2015-09-25T12:53:00","modified_gmt":"2015-09-25T10:53:00","slug":"biserica-sarba-cere-ajutor-pentru-victimele-inundatiilor","status":"publish","type":"post","link":"https:\/\/www.ortodoxmd.eu\/en\/biserica-sarba-cere-ajutor-pentru-victimele-inundatiilor\/","title":{"rendered":"Biserica s\u00e2rb\u0103 cere ajutor pentru victimele inunda\u021biilor"},"content":{"rendered":"<p><strong>\u00cen leg\u0103tur\u0103 cu inunda\u021biile care au cuprins o mare parte din Serbia \u0219i \u021bara vecin\u0103, Bosnia \u0219i Her\u021begovina, Consiliul Episcopilor Bisericii Ortodoxe S\u00e2rbe i-a chemat pe to\u021bi credincio\u0219ii s\u0103 ia parte \u00een mod activ la lupta cu inunda\u0163iile f\u0103r\u0103 precedent \u015fi ajutorul victimelor.<br \/>\n<\/strong><br \/>\n\u201cCu o mare \u00eengrijorare \u0219i durere \u00een suflet, dar cu credin\u021b\u0103 neclintit\u0103 \u00een dragostea \u0219i mila lui Dumnezeu apel\u0103m la clerul \u015fi poporul credincios al sfintei noastre Biserici, precum \u0219i la to\u021bi oamenii de bun\u0103 credin\u021b\u0103, \u00een leg\u0103tur\u0103 cu inunda\u021biile catastrofale \u0219i suferin\u021ba a unui num\u0103r mare de persoane \u00een Serbia. Apel\u0103m \u00een primul r\u00e2nd la clerul nostru de a manifesta solidaritate cre\u0219tin\u0103 cu toate victimele \u0219i sinistra\u0163ii, particip\u00e2nd \u00een mod activ la protec\u021bia a\u0219ez\u0103rilor umane \u0219i obiectelor vitale, oferind ad\u0103post \u0219i ajutor cu alimente, \u00eembr\u0103c\u0103minte \u0219i medicamente, materiale \u0219i orice alte tipuri de sprijin pentru semenii vo\u015ftri. \u00cen special ne adres\u00eem confra\u0163ilor preo\u021bi \u0219i ieromonahi pentru a \u00eenmul\u021bi rug\u0103ciunile, a s\u0103v\u00e2r\u015fi molebene cu ocazia vremii nefavorabile \u015fi a fi  \u00een fruntea celor care m\u0103rturisesc dragostea \u00eentru Hristos, pentru a-\u015fi ajuta fra\u021bii \u0219i surorile \u00een suferin\u021b\u0103 , \u201c-se men\u0163ioneaz\u0103 \u00een adresarea oficial\u0103. <\/p>\n<p>Serbia \u015fi Bosnia se confrunt\u0103 cu cele mai grave inunda\u0163ii din ultimii 120 de ani, autorit\u0103\u021bile fiind nevoite s\u0103 declare stare de alert\u0103 \u0219i s\u0103 mobilizeze armata pentru a salva miile de sinistra\u021bi. <\/p>\n<p>Potrivit celui mai recent bilan\u021b, cel pu\u0163in 44 de persoane \u015fi-au pierdut via\u0163a \u00een ultimele patru zile, relateaz\u0103 AFP. \u00cen Serbia, o nou\u0103 viitur\u0103 este a\u0219teptat\u0103 \u00een cursul acestei seri pe r\u00e2ul Sava, care a dep\u0103\u0219it cu un metru nivelul atins la ultimele inunda\u021bii. Premierul s\u00e2rb Aleksandar Vucici a catalogat situa\u021bia drept catastrofal\u0103 \u0219i le-a mul\u021bumit s\u00e2rbilor care au intervenit prompt la ac\u021biunile de consilidare a digurilor, dar \u0219i na\u021biunilor str\u0103ine care au trimis ajutoare de urgen\u021b\u0103. <\/p>\n<p><em>Sursa: www.ortodox.md<\/em><\/p>\n","protected":false},"excerpt":{"rendered":"<p class=\"qtranxs-available-languages-message qtranxs-available-languages-message-en\">Sorry, this entry is only available in <a href=\"https:\/\/www.ortodoxmd.eu\/ro\/wp-json\/wp\/v2\/posts\/4889\" class=\"qtranxs-available-language-link qtranxs-available-language-link-ro\" title=\"Rom\u00e2n\u0103\">Rom\u00e2n\u0103<\/a>.<\/p>\n","protected":false},"author":1,"featured_media":0,"comment_status":"closed","ping_status":"closed","sticky":false,"template":"","format":"standard","meta":{"_jetpack_memberships_contains_paid_content":false,"footnotes":""},"categories":[1,11,5],"tags":[],"class_list":["post-4889","post","type-post","status-publish","format-standard","hentry","category-anunturi","category-noutati","category-stiri"],"jetpack_featured_media_url":"","jetpack_shortlink":"https:\/\/wp.me\/p2NLBd-1gR","jetpack_sharing_enabled":true,"_links":{"self":[{"href":"https:\/\/www.ortodoxmd.eu\/en\/wp-json\/wp\/v2\/posts\/4889","targetHints":{"allow":["GET"]}}],"collection":[{"href":"https:\/\/www.ortodoxmd.eu\/en\/wp-json\/wp\/v2\/posts"}],"about":[{"href":"https:\/\/www.ortodoxmd.eu\/en\/wp-json\/wp\/v2\/types\/post"}],"author":[{"embeddable":true,"href":"https:\/\/www.ortodoxmd.eu\/en\/wp-json\/wp\/v2\/users\/1"}],"replies":[{"embeddable":true,"href":"https:\/\/www.ortodoxmd.eu\/en\/wp-json\/wp\/v2\/comments?post=4889"}],"version-history":[{"count":1,"href":"https:\/\/www.ortodoxmd.eu\/en\/wp-json\/wp\/v2\/posts\/4889\/revisions"}],"predecessor-version":[{"id":4891,"href":"https:\/\/www.ortodoxmd.eu\/en\/wp-json\/wp\/v2\/posts\/4889\/revisions\/4891"}],"wp:attachment":[{"href":"https:\/\/www.ortodoxmd.eu\/en\/wp-json\/wp\/v2\/media?parent=4889"}],"wp:term":[{"taxonomy":"category","embeddable":true,"href":"https:\/\/www.ortodoxmd.eu\/en\/wp-json\/wp\/v2\/categories?post=4889"},{"taxonomy":"post_tag","embeddable":true,"href":"https:\/\/www.ortodoxmd.eu\/en\/wp-json\/wp\/v2\/tags?post=4889"}],"curies":[{"name":"wp","href":"https:\/\/api.w.org\/{rel}","templated":true}]}}