{"id":5562,"date":"2015-08-26T12:13:36","date_gmt":"2015-08-26T10:13:36","guid":{"rendered":"http:\/\/www.ortodoxmd.eu\/?p=5562"},"modified":"2015-09-25T12:41:06","modified_gmt":"2015-09-25T10:41:06","slug":"franta-festivalul-tineretului-ortodox-va-avea-loc-in-perioada-12-13-septembrie-in-regiunea-parisului","status":"publish","type":"post","link":"https:\/\/www.ortodoxmd.eu\/en\/franta-festivalul-tineretului-ortodox-va-avea-loc-in-perioada-12-13-septembrie-in-regiunea-parisului\/","title":{"rendered":"Fran\u0163a: Festivalul tineretului ortodox va avea loc \u00een perioada 12 \u2013 13 septembrie \u00een regiunea Parisului"},"content":{"rendered":"<p><strong>Tineretul ortodox este invitat s\u0103 participe la un Festival pentru tineri ortodoc\u015fi care va avea loc \u00een perioada 12 \u2013 13 septembrie 2015 pe malul Senei, la Centrul de agrement de la Moisson (<a href=\"http:\/\/www.bouclesdeseine.iledeloisirs.fr\/\">http:\/\/www.bouclesdeseine.iledeloisirs.fr\/<\/a>), regiune parizian\u0103. <\/strong><\/p>\n<p>Anul acesta, precum \u0219i anii preceden\u021bi, obiectivul festivalului este de a reuni tineri ortodoc\u015fi de toate na\u0163ionalit\u0103\u0163ile pentru un weekend cu o tematic\u0103 stabilit\u0103, abordat\u0103 \u00een cadrul unor conferin\u0163e \u015fi ateliere. Festival se organizeaz\u0103 cu binecuvitarea \u0219i sus\u021binerea Adun\u0103rii Episcopilor Ortodoc\u0219i din Fran\u021ba (AEOF).<\/p>\n<p>Tema aleas\u0103 pentru festivalul din acest an 2015 este: <\/p>\n<p><strong>Noi Cre\u015ftinii: comunitate(t\u0103\u0163i) sau Biseric\u0103? Credin\u0163\u0103 prin ereditate (mo\u0219tenire) sau cunoa\u015ftere?<\/strong><\/p>\n<p>\u00cen cadrul atelierelor vor fi abordate tematici ca: Adaptarea Bisericii ortodoxe specificului Fran\u0163ei; Transmiterea credin\u0163ei, Biserica catolic\u0103 \u015fi apostolic\u0103, Biserica apostolic\u0103 raportat\u0103 la prezent etc.<\/p>\n<p><strong>Programul festivalului include:<\/strong><\/p>\n<p><strong>Vineri, 11 septembrie<\/strong><\/p>\n<p>Vecernia, deschiderea festivalului \u015fi sear\u0103 festiv\u0103 la Paris<\/p>\n<p><strong>S\u00eemb\u0103t\u0103, 12 septembrie<\/strong><\/p>\n<p>9.30 \u2013 Plecarea cu autobusul la sta\u0163iunea Boucles de Seine<br \/>\n10.30 \u2013 Micul dejun, Utrenia;<br \/>\n11.00 &#8211; Introducere;<br \/>\n11.45 \u2013 primul aterlier, discu\u0163ii;<br \/>\n13.00 \u2013 Pic-nic (\u00censcriere);<br \/>\n14.00 \u2013 Pauz\u0103 de cafea (\u00eenscriere);<br \/>\n15.00 \u2013 Jocul Ice breaking pe plaj\u0103, activit\u0103\u0163i acvatice<br \/>\n16.00 \u2013 al doilea atelier;<br \/>\n17.00 &#8211;   Gustare;<br \/>\n17.30 \u2013 traseul pentru a participa la Vecernie la Biseric\u0103;<br \/>\n18.15 &#8211; Vecernia;<br \/>\n19.15 \u2013 \u00centoarcerea la Centru ;<br \/>\n20.00 \u2013 Sear\u0103 festiv\u0103 \u00een aer liber <\/p>\n<p><strong>Duminic\u0103, 13 septembire<\/strong><\/p>\n<p>8.30 \u2013 Plecarea la biseric\u0103;<br \/>\n9.00 \u2013 Sf\u00eenta Liturghie;<br \/>\n11.00 \u2013 Pauz\u0103 de cafea pe loc;<br \/>\n 11.30 \u2013 Revenirea la Centru;<br \/>\n12.00 \u2013 Timp liber, fotbal, primbl\u0103ri ;<br \/>\n13.00 &#8211; Pr\u00eenzul;<br \/>\n14.30 \u2013 al treilea atelier;<br \/>\n15.30 \u2013 Concluzii\/Mul\u0163umire; Fotografie de grup<br \/>\n16.00 \u2013 Plecarea <\/p>\n<p><em>Adresa :<\/em> <strong>Route de Mousseaux, RD 125, 78840 Moisson.<\/strong><\/p>\n<p>Afi\u015ful \u015fi programul \u00een francez\u0103 g\u0103si\u0163i mai jos: <a href=\"http:\/\/www.ortodoxmd.eu\/wp-content\/uploads\/2015\/08\/Afisul.pdf\">Afisul<\/a><\/p>\n","protected":false},"excerpt":{"rendered":"<p class=\"qtranxs-available-languages-message qtranxs-available-languages-message-en\">Sorry, this entry is only available in <a href=\"https:\/\/www.ortodoxmd.eu\/ro\/wp-json\/wp\/v2\/posts\/5562\" class=\"qtranxs-available-language-link qtranxs-available-language-link-ro\" title=\"Rom\u00e2n\u0103\">Rom\u00e2n\u0103<\/a>.<\/p>\n","protected":false},"author":1,"featured_media":5564,"comment_status":"closed","ping_status":"closed","sticky":false,"template":"","format":"standard","meta":{"_jetpack_memberships_contains_paid_content":false,"footnotes":""},"categories":[1,11,5],"tags":[],"class_list":["post-5562","post","type-post","status-publish","format-standard","has-post-thumbnail","hentry","category-anunturi","category-noutati","category-stiri"],"jetpack_featured_media_url":"https:\/\/i0.wp.com\/www.ortodoxmd.eu\/wp-content\/uploads\/2015\/08\/afis.jpg?fit=160%2C129&ssl=1","jetpack_shortlink":"https:\/\/wp.me\/p2NLBd-1rI","jetpack_sharing_enabled":true,"_links":{"self":[{"href":"https:\/\/www.ortodoxmd.eu\/en\/wp-json\/wp\/v2\/posts\/5562","targetHints":{"allow":["GET"]}}],"collection":[{"href":"https:\/\/www.ortodoxmd.eu\/en\/wp-json\/wp\/v2\/posts"}],"about":[{"href":"https:\/\/www.ortodoxmd.eu\/en\/wp-json\/wp\/v2\/types\/post"}],"author":[{"embeddable":true,"href":"https:\/\/www.ortodoxmd.eu\/en\/wp-json\/wp\/v2\/users\/1"}],"replies":[{"embeddable":true,"href":"https:\/\/www.ortodoxmd.eu\/en\/wp-json\/wp\/v2\/comments?post=5562"}],"version-history":[{"count":5,"href":"https:\/\/www.ortodoxmd.eu\/en\/wp-json\/wp\/v2\/posts\/5562\/revisions"}],"predecessor-version":[{"id":5571,"href":"https:\/\/www.ortodoxmd.eu\/en\/wp-json\/wp\/v2\/posts\/5562\/revisions\/5571"}],"wp:featuredmedia":[{"embeddable":true,"href":"https:\/\/www.ortodoxmd.eu\/en\/wp-json\/wp\/v2\/media\/5564"}],"wp:attachment":[{"href":"https:\/\/www.ortodoxmd.eu\/en\/wp-json\/wp\/v2\/media?parent=5562"}],"wp:term":[{"taxonomy":"category","embeddable":true,"href":"https:\/\/www.ortodoxmd.eu\/en\/wp-json\/wp\/v2\/categories?post=5562"},{"taxonomy":"post_tag","embeddable":true,"href":"https:\/\/www.ortodoxmd.eu\/en\/wp-json\/wp\/v2\/tags?post=5562"}],"curies":[{"name":"wp","href":"https:\/\/api.w.org\/{rel}","templated":true}]}}