{"id":5572,"date":"2015-08-26T21:41:16","date_gmt":"2015-08-26T19:41:16","guid":{"rendered":"http:\/\/www.ortodoxmd.eu\/?p=5572"},"modified":"2015-09-25T12:41:06","modified_gmt":"2015-09-25T10:41:06","slug":"italia-conferinta-internationala-ecumenica-de-spiritualitate-ortodoxa-la-bose","status":"publish","type":"post","link":"https:\/\/www.ortodoxmd.eu\/en\/italia-conferinta-internationala-ecumenica-de-spiritualitate-ortodoxa-la-bose\/","title":{"rendered":"Italia: Conferin\u0163\u0103 Interna\u0163ional\u0103 Ecumenic\u0103 de Spiritualitate Ortodox\u0103 la Bose"},"content":{"rendered":"<p><strong>\u00cen perioada 9 \u2013 12 septembrie 2015, la M\u0103n\u0103stirea Bose din Italia se desf\u0103\u015foar\u0103 cea de a XXIII-a conferin\u021b\u0103 ecumenic\u0103 interna\u021bional\u0103 de spiritualitate ortodox\u0103. <\/strong><\/p>\n<p>Tema din acest an este: <strong>Mil\u0103 \u015fi iertare.<\/strong><\/p>\n<p><strong>Din partea Eparhiei Corsunului la acest eveniment va participa ieromonahul Iosif Pavlinciuc, secretarul eparhial pentru oc\u00eermuirea comunit\u0103\u0163ilor moldovene\u015fti.<\/strong><\/p>\n<p>Conferin\u021ba de la Bose se bucur\u0103 de participarea a numero\u0219i episcopi, preo\u021bi \u0219i c\u0103lug\u0103ri din Biserica Ortodox\u0103 \u0219i din Biserica Catolic\u0103. Evenimentul are loc \u00een colaborare cu bisericile ortodoxe.<\/p>\n<p>La aceast\u0103 conferin\u0163\u0103 vor participa \u015fi diferi\u0163i cercet\u0103tori din diverse \u021b\u0103ri, av\u00eend ca obiectiv s\u0103 reactulizeze \u00eenv\u0103\u021b\u0103tura Sfin\u021bilor P\u0103rin\u021bi \u0219i s\u0103 ofere un spa\u021biu de reflec\u021bie pe diverse teme spirituale. <\/p>\n<p>\u00cent\u00eempinarea participan\u0163ilor va avea loc pe 8 septembrie, conferin\u0163a \u00eencheindu-se pe 12 septembrie cu un pr\u00eenz festiv. <\/p>\n<p><strong>\u00censcrierea la eveniment se face p\u00een\u0103 la 31 august 2015.<\/strong> <\/p>\n<p><strong>Conferin\u0163a este deschis\u0103 pentru to\u0163i doritorii.<\/strong> Toate rapoartele vor fi traduse simultan \u00een italian\u0103, greac\u0103, rus\u0103, englez\u0103 (francez\u0103 la cerere).<\/p>\n<p><strong>Mai multe informa\u0163ii g\u0103si\u0163i pe <a href=\"http:\/\/monasterodibose.it\/fr\/hospitalite\/colloques\/colloques-spiritualite-orthodoxe\/2015-misericorde-et-pardon\">siteul M\u0103n\u0103stirii din Bose<\/a>.<\/p>\n<p>Programul \u015fi alte detalii vede\u0163i <a href=\"http:\/\/monasterodibose.it\/images\/ospitalita\/convegni\/convegni_spiritualita_ortodossa\/2015_misericordia\/CEISO2015_ITA_FRA_web.pdf\">aici<\/a>.<\/strong><\/p>\n","protected":false},"excerpt":{"rendered":"<p class=\"qtranxs-available-languages-message qtranxs-available-languages-message-en\">Sorry, this entry is only available in <a href=\"https:\/\/www.ortodoxmd.eu\/ro\/wp-json\/wp\/v2\/posts\/5572\" class=\"qtranxs-available-language-link qtranxs-available-language-link-ro\" title=\"Rom\u00e2n\u0103\">Rom\u00e2n\u0103<\/a>.<\/p>\n","protected":false},"author":1,"featured_media":5574,"comment_status":"closed","ping_status":"closed","sticky":false,"template":"","format":"standard","meta":{"_jetpack_memberships_contains_paid_content":false,"footnotes":""},"categories":[1,11,5],"tags":[],"class_list":["post-5572","post","type-post","status-publish","format-standard","has-post-thumbnail","hentry","category-anunturi","category-noutati","category-stiri"],"jetpack_featured_media_url":"https:\/\/i0.wp.com\/www.ortodoxmd.eu\/wp-content\/uploads\/2015\/08\/programme.jpg?fit=180%2C128&ssl=1","jetpack_shortlink":"https:\/\/wp.me\/p2NLBd-1rS","jetpack_sharing_enabled":true,"_links":{"self":[{"href":"https:\/\/www.ortodoxmd.eu\/en\/wp-json\/wp\/v2\/posts\/5572","targetHints":{"allow":["GET"]}}],"collection":[{"href":"https:\/\/www.ortodoxmd.eu\/en\/wp-json\/wp\/v2\/posts"}],"about":[{"href":"https:\/\/www.ortodoxmd.eu\/en\/wp-json\/wp\/v2\/types\/post"}],"author":[{"embeddable":true,"href":"https:\/\/www.ortodoxmd.eu\/en\/wp-json\/wp\/v2\/users\/1"}],"replies":[{"embeddable":true,"href":"https:\/\/www.ortodoxmd.eu\/en\/wp-json\/wp\/v2\/comments?post=5572"}],"version-history":[{"count":3,"href":"https:\/\/www.ortodoxmd.eu\/en\/wp-json\/wp\/v2\/posts\/5572\/revisions"}],"predecessor-version":[{"id":5577,"href":"https:\/\/www.ortodoxmd.eu\/en\/wp-json\/wp\/v2\/posts\/5572\/revisions\/5577"}],"wp:featuredmedia":[{"embeddable":true,"href":"https:\/\/www.ortodoxmd.eu\/en\/wp-json\/wp\/v2\/media\/5574"}],"wp:attachment":[{"href":"https:\/\/www.ortodoxmd.eu\/en\/wp-json\/wp\/v2\/media?parent=5572"}],"wp:term":[{"taxonomy":"category","embeddable":true,"href":"https:\/\/www.ortodoxmd.eu\/en\/wp-json\/wp\/v2\/categories?post=5572"},{"taxonomy":"post_tag","embeddable":true,"href":"https:\/\/www.ortodoxmd.eu\/en\/wp-json\/wp\/v2\/tags?post=5572"}],"curies":[{"name":"wp","href":"https:\/\/api.w.org\/{rel}","templated":true}]}}