{"id":5592,"date":"2015-09-07T21:23:18","date_gmt":"2015-09-07T19:23:18","guid":{"rendered":"http:\/\/www.ortodoxmd.eu\/?p=5592"},"modified":"2015-09-25T12:41:06","modified_gmt":"2015-09-25T10:41:06","slug":"franta-in-biserica-in-cinstea-icoanei-maicii-domnului-bucuria-tuturor-celor-necajiti-iereul-emmanuel-vial-a-fost-tuns-calugar","status":"publish","type":"post","link":"https:\/\/www.ortodoxmd.eu\/en\/franta-in-biserica-in-cinstea-icoanei-maicii-domnului-bucuria-tuturor-celor-necajiti-iereul-emmanuel-vial-a-fost-tuns-calugar\/","title":{"rendered":"Fran\u0163a: \u00cen biserica \u00een cinstea icoanei Maicii Domnului \u201cBucuria tuturor sc\u00e2rbi\u021bilor\u201d s-a petrecut slujba cinului c\u0103lug\u0103resc"},"content":{"rendered":"<p><strong>\u00cen seara zilei de 5 septembrie 2015, \u00een biserica parizian\u0103 \u00een cinstea Maicii Domnului \u201cBucuria tuturor celor sc\u00e2rbi\u021bilor\u201d \u015fi a Cuvioasei Genevieva, preotul Emmanuel Vial a fost tuns \u00een monahism de c\u0103tre PS Nestor episcop al Corsunului.<\/strong><\/p>\n<p>La slujba cinului monahal au participat \u015fi au ajutat ieromonahul Iosif (Pavlinciuc), secretarul eparhial pentru oc\u00eermuirea comunit\u0103\u0163ilor moldovene\u015fti \u015fi ieromonahul Nicodim (Pavlinciuc), parohul Bisericii Sf. Serafim de Sarov din Montgeron. La aceast eveniment s-au rugat de asemenea \u015fi preotul Maxim Politov, secretarul eparhial, clerul \u015fi numero\u015fi enoria\u015fi ai bisericii.<br \/>\n\u00cen c\u0103lugarie, preotul Emmanuel a primit numele de Irineu \u00een cinstea unuia dintre patronii cere\u0219ti ai Galiei (Fran\u021bei) \u2013 Sf\u00eentul mucenic Irineu de Lyon.<\/p>\n<p><strong>Date biografice<\/strong>: p\u0103rintele Irineu (Vial) s-a n\u0103scut la 13 februarie 1939. Dup\u0103 absolvirea f\u0103cult\u0103\u021bii de teologie a Sf\u00e2ntului Dionisie de Paris a fost hirotonit diacon la 28 iunie 1979. Anul urm\u0103tor la 14 martie a hirotonit preot. La 5 septembrie 2015 a fost c\u0103lug\u0103rit de c\u0103tre PS Nestor, episcop al Corsunului. <\/p>\n<p><strong>Mai multe fotografii de la acest eveniment g\u0103si\u0163i pe siteul <a href=\"http:\/\/www.cerkov-ru.eu\/photos\/%D0%9C%D0%BE%D0%BD%D0%B0%D1%88%D0%B5%D1%81%D0%BA%D0%B8%D0%B9-%D0%BF%D0%BE%D1%81%D1%82%D1%80%D0%B8%D0%B3-%D0%B2%D0%BE-%D0%92%D1%81%D0%B5%D1%85%D1%81%D0%BA%D0%BE%D1%80%D0%B1%D1%8F%D1%89%D0%B5%D0%BD%D1%81%D0%BA%D0%BE%D0%BC-%D1%85%D1%80%D0%B0%D0%BC%D0%B5-%D0%B2-%D0%9F%D0%B0%D1%80%D0%B8%D0%B6%D0%B5_ga204760.html\">Eparhiei<\/a>.<\/strong><\/p>\n<p><a href=\"https:\/\/i0.wp.com\/www.ortodoxmd.eu\/wp-content\/uploads\/2015\/09\/gal-3313494.jpg\"><img data-recalc-dims=\"1\" loading=\"lazy\" decoding=\"async\" class=\"aligncenter size-large wp-image-5594\" src=\"https:\/\/i0.wp.com\/www.ortodoxmd.eu\/wp-content\/uploads\/2015\/09\/gal-3313494-768x1024.jpg?resize=400%2C533\" alt=\"gal-3313494\" width=\"400\" height=\"533\" srcset=\"https:\/\/i0.wp.com\/www.ortodoxmd.eu\/wp-content\/uploads\/2015\/09\/gal-3313494.jpg?w=768&amp;ssl=1 768w, https:\/\/i0.wp.com\/www.ortodoxmd.eu\/wp-content\/uploads\/2015\/09\/gal-3313494.jpg?resize=225%2C300&amp;ssl=1 225w\" sizes=\"auto, (max-width: 400px) 100vw, 400px\" \/><\/a><\/p>\n<p><a href=\"https:\/\/i0.wp.com\/www.ortodoxmd.eu\/wp-content\/uploads\/2015\/09\/gal-3313497.jpg\"><img data-recalc-dims=\"1\" loading=\"lazy\" decoding=\"async\" class=\"aligncenter size-large wp-image-5595\" src=\"https:\/\/i0.wp.com\/www.ortodoxmd.eu\/wp-content\/uploads\/2015\/09\/gal-3313497-768x1024.jpg?resize=400%2C533\" alt=\"gal-3313497\" width=\"400\" height=\"533\" srcset=\"https:\/\/i0.wp.com\/www.ortodoxmd.eu\/wp-content\/uploads\/2015\/09\/gal-3313497.jpg?w=768&amp;ssl=1 768w, https:\/\/i0.wp.com\/www.ortodoxmd.eu\/wp-content\/uploads\/2015\/09\/gal-3313497.jpg?resize=225%2C300&amp;ssl=1 225w\" sizes=\"auto, (max-width: 400px) 100vw, 400px\" \/><\/a><\/p>\n","protected":false},"excerpt":{"rendered":"<p class=\"qtranxs-available-languages-message qtranxs-available-languages-message-en\">Sorry, this entry is only available in <a href=\"https:\/\/www.ortodoxmd.eu\/ro\/wp-json\/wp\/v2\/posts\/5592\" class=\"qtranxs-available-language-link qtranxs-available-language-link-ro\" title=\"Rom\u00e2n\u0103\">Rom\u00e2n\u0103<\/a>.<\/p>\n","protected":false},"author":1,"featured_media":5593,"comment_status":"closed","ping_status":"closed","sticky":false,"template":"","format":"standard","meta":{"_jetpack_memberships_contains_paid_content":false,"footnotes":""},"categories":[1,11,5],"tags":[],"class_list":["post-5592","post","type-post","status-publish","format-standard","has-post-thumbnail","hentry","category-anunturi","category-noutati","category-stiri"],"jetpack_featured_media_url":"https:\/\/i0.wp.com\/www.ortodoxmd.eu\/wp-content\/uploads\/2015\/09\/gal-3313490.jpg?fit=160%2C133&ssl=1","jetpack_shortlink":"https:\/\/wp.me\/p2NLBd-1sc","jetpack_sharing_enabled":true,"_links":{"self":[{"href":"https:\/\/www.ortodoxmd.eu\/en\/wp-json\/wp\/v2\/posts\/5592","targetHints":{"allow":["GET"]}}],"collection":[{"href":"https:\/\/www.ortodoxmd.eu\/en\/wp-json\/wp\/v2\/posts"}],"about":[{"href":"https:\/\/www.ortodoxmd.eu\/en\/wp-json\/wp\/v2\/types\/post"}],"author":[{"embeddable":true,"href":"https:\/\/www.ortodoxmd.eu\/en\/wp-json\/wp\/v2\/users\/1"}],"replies":[{"embeddable":true,"href":"https:\/\/www.ortodoxmd.eu\/en\/wp-json\/wp\/v2\/comments?post=5592"}],"version-history":[{"count":4,"href":"https:\/\/www.ortodoxmd.eu\/en\/wp-json\/wp\/v2\/posts\/5592\/revisions"}],"predecessor-version":[{"id":5614,"href":"https:\/\/www.ortodoxmd.eu\/en\/wp-json\/wp\/v2\/posts\/5592\/revisions\/5614"}],"wp:featuredmedia":[{"embeddable":true,"href":"https:\/\/www.ortodoxmd.eu\/en\/wp-json\/wp\/v2\/media\/5593"}],"wp:attachment":[{"href":"https:\/\/www.ortodoxmd.eu\/en\/wp-json\/wp\/v2\/media?parent=5592"}],"wp:term":[{"taxonomy":"category","embeddable":true,"href":"https:\/\/www.ortodoxmd.eu\/en\/wp-json\/wp\/v2\/categories?post=5592"},{"taxonomy":"post_tag","embeddable":true,"href":"https:\/\/www.ortodoxmd.eu\/en\/wp-json\/wp\/v2\/tags?post=5592"}],"curies":[{"name":"wp","href":"https:\/\/api.w.org\/{rel}","templated":true}]}}