{"id":5623,"date":"2015-09-15T21:33:27","date_gmt":"2015-09-15T19:33:27","guid":{"rendered":"http:\/\/www.ortodoxmd.eu\/?p=5623"},"modified":"2015-09-25T12:41:06","modified_gmt":"2015-09-25T10:41:06","slug":"franta-la-capul-sfintului-ioan-botezatorul-in-amiens-a-fost-savirsita-sfinta-si-dumnezeiasca-liturghie","status":"publish","type":"post","link":"https:\/\/www.ortodoxmd.eu\/en\/franta-la-capul-sfintului-ioan-botezatorul-in-amiens-a-fost-savirsita-sfinta-si-dumnezeiasca-liturghie\/","title":{"rendered":"Fran\u0163a: La capul Sf\u00eentului Ioan Botez\u0103torul \u00een Amiens a fost s\u0103v\u00eer\u015fit\u0103 Sf\u00eenta \u015fi Dumnezeiasca Liturghie"},"content":{"rendered":"<p><strong>S\u00eemb\u0103t\u0103, 12 septembrie 2015, a doua zi de la marcarea s\u0103rb\u0103torii T\u0103ierea capului Sf\u00eentului Ioan Botez\u0103torul, comunitatea Eparhiei Corsunului din Amiens a s\u0103rb\u0103torit ziua protectorului s\u0103u ceresc &#8211; Sf\u00eentul Prooroc Ioan Botez\u0103torul. <\/strong><\/p>\n<p>Cu aceast\u0103 ocazie, \u00een partea st\u00eeng\u0103 a catedralei Maicii Domnului din Amiens a fost scoas\u0103 spre \u00eenchinare talgerul aurit cu capul Sf\u00eentului Ioan Botez\u0103torul. Partea din fa\u0163\u0103 a capului Sf\u00eentului prooroc se afl\u0103 mai mult de opt sute de ani (din a. 1206) \u00een catedrala Arhiepiscopiei catolice din capitala Picardiei.<\/p>\n<p>Sf\u00eenta Liturghie a fost prezidat\u0103 de iereul Zinovii Gombessa, parohul comunit\u0103\u0163ii din Amiens. \u00cempreun\u0103 cu el au slujit protoiereul Dmitrii Sizonenco (Antverpen, Belgia), iereul Dmitrii Ia\u0163un (Mehelen, Belgia), iereul Stahii Kolotvin (secretarul administr\u0103rii institu\u0163iilor de peste hotare a Patriarhiei Moscovei) iereul Ioann Dimitrov, ieomonahul Andrei Berega (Villeneuve-Saint-George, Patriarhia Rom\u00e2n\u0103), iereul Daniil (or. Amiens, Patriarhia Rom\u00e2n\u0103) protodiaconul Alexeii Sobolevm clerecul catedralei Svin\u021bilor trei Ierarhi din Paris.<\/p>\n<p>\u00cen timpul Sf\u00eentei Liturghii r\u0103spunsurile la srtan\u0103 au fost date de un cor de copii a bisericii Na\u015fterii Domnului Hristos din or. Anteverpen (Belgia).<\/p>\n<p>\u00cen jur de 400 de oameni, veni\u0163i din diferite \u0163\u0103ri, au avut posibilitatea s\u0103 se \u00eenchine \u015fi ating\u0103 de mare sfin\u0163enie dup\u0103 slujb\u0103.<\/p>\n<p>La sf\u00eer\u015fit to\u0163i enori\u0219ii \u0219i pelerinii au fost invita\u0163i la agapa fr\u0103\u0163easc\u0103, organizat\u0103 cu eforturile \u015fi contribu\u0163ia comunit\u0103\u0163ii ortodoxe ruse\u015fti din Amiens.<\/p>\n<p><strong>Fotografii de la acest eveniment ved\u0163i pe siteul <a href=\"http:\/\/www.cerkov-ru.eu\/photos\/DSC01135_gp3329780.html\">Eparhiei Corsunului<\/a>. <\/strong><\/p>\n","protected":false},"excerpt":{"rendered":"<p class=\"qtranxs-available-languages-message qtranxs-available-languages-message-en\">Sorry, this entry is only available in <a href=\"https:\/\/www.ortodoxmd.eu\/ro\/wp-json\/wp\/v2\/posts\/5623\" class=\"qtranxs-available-language-link qtranxs-available-language-link-ro\" title=\"Rom\u00e2n\u0103\">Rom\u00e2n\u0103<\/a>.<\/p>\n","protected":false},"author":1,"featured_media":5624,"comment_status":"closed","ping_status":"closed","sticky":false,"template":"","format":"standard","meta":{"_jetpack_memberships_contains_paid_content":false,"footnotes":""},"categories":[1,11,5],"tags":[],"class_list":["post-5623","post","type-post","status-publish","format-standard","has-post-thumbnail","hentry","category-anunturi","category-noutati","category-stiri"],"jetpack_featured_media_url":"https:\/\/i0.wp.com\/www.ortodoxmd.eu\/wp-content\/uploads\/2015\/09\/gal-3329780.jpg?fit=160%2C134&ssl=1","jetpack_shortlink":"https:\/\/wp.me\/p2NLBd-1sH","jetpack_sharing_enabled":true,"_links":{"self":[{"href":"https:\/\/www.ortodoxmd.eu\/en\/wp-json\/wp\/v2\/posts\/5623","targetHints":{"allow":["GET"]}}],"collection":[{"href":"https:\/\/www.ortodoxmd.eu\/en\/wp-json\/wp\/v2\/posts"}],"about":[{"href":"https:\/\/www.ortodoxmd.eu\/en\/wp-json\/wp\/v2\/types\/post"}],"author":[{"embeddable":true,"href":"https:\/\/www.ortodoxmd.eu\/en\/wp-json\/wp\/v2\/users\/1"}],"replies":[{"embeddable":true,"href":"https:\/\/www.ortodoxmd.eu\/en\/wp-json\/wp\/v2\/comments?post=5623"}],"version-history":[{"count":4,"href":"https:\/\/www.ortodoxmd.eu\/en\/wp-json\/wp\/v2\/posts\/5623\/revisions"}],"predecessor-version":[{"id":5628,"href":"https:\/\/www.ortodoxmd.eu\/en\/wp-json\/wp\/v2\/posts\/5623\/revisions\/5628"}],"wp:featuredmedia":[{"embeddable":true,"href":"https:\/\/www.ortodoxmd.eu\/en\/wp-json\/wp\/v2\/media\/5624"}],"wp:attachment":[{"href":"https:\/\/www.ortodoxmd.eu\/en\/wp-json\/wp\/v2\/media?parent=5623"}],"wp:term":[{"taxonomy":"category","embeddable":true,"href":"https:\/\/www.ortodoxmd.eu\/en\/wp-json\/wp\/v2\/categories?post=5623"},{"taxonomy":"post_tag","embeddable":true,"href":"https:\/\/www.ortodoxmd.eu\/en\/wp-json\/wp\/v2\/tags?post=5623"}],"curies":[{"name":"wp","href":"https:\/\/api.w.org\/{rel}","templated":true}]}}