{"id":5638,"date":"2015-09-22T14:30:34","date_gmt":"2015-09-22T12:30:34","guid":{"rendered":"http:\/\/www.ortodoxmd.eu\/?p=5638"},"modified":"2015-09-25T12:41:06","modified_gmt":"2015-09-25T10:41:06","slug":"franta-pelerinaj-la-schitul-ortodox-a-sfintei-vera","status":"publish","type":"post","link":"https:\/\/www.ortodoxmd.eu\/en\/franta-pelerinaj-la-schitul-ortodox-a-sfintei-vera\/","title":{"rendered":"Fran\u0163a: Pelerinaj la Schitul ortodox a Sfintei muceni\u021be Vera"},"content":{"rendered":"<p><strong><em>Dragi enoria\u015fi, fra\u0163i \u015fi surori,<br \/>\n<\/em><br \/>\nV\u0103 invit\u0103m s\u0103 participa\u0163i la un pelerinaj \u00een Schitul ortodox a Sfintei muceni\u021be Vera (Sainte-Foy), \u00een perioada 2 \u2013 4 octombrie 2015. Grupul va fi \u00eenso\u0163it de p\u0103rintele Nicolai Rebidner, parohul bisericii Sfin\u0163ilor Trei Ierarhi din Paris. <\/strong><\/p>\n<p>Schitul este situat pe un loc muntos cu o vedere deosebit\u0103 la valea Gardon. Casa de rug\u0103ciune din sec. al XVI-lea a fost transformat\u0103 de un c\u0103lug\u0103r \u2013 fotograf \u00eentr-o m\u0103n\u0103stire ortodox\u0103, a c\u0103rei por\u0163i sunt mereu deschise pelerinilor \u015fi arti\u015ftilor de diferite confesiuni. <\/p>\n<p>Pelerinii vor avea posibilitatea s\u0103 asiste la slujbele c\u0103lug\u0103rilor \u015fi la Sf\u00eenta Liturghie de duminic\u0103. S\u0103rb\u0103toarea Sfintei muceni\u021be Vera va fi marcat\u0103 la m\u0103n\u0103stire \u00een ziua de duminic\u0103, 4 octombrie.<\/p>\n<p>Cazarea este asigurat\u0103 \u00een marea cas\u0103 La-Levade (numeroase camere pentru dou\u0103 persoane sunt disponibile), aflat\u0103 la 6 km de la m\u0103n\u0103stire (transportul este prev\u0103zut \u00eentre cas\u0103 \u015fi m\u0103n\u0103stire). Lenjerie de pat \u015fi \u015fervete nu sunt oferite, a\u015fa c\u0103 va trebui s\u0103 le ave\u0163i la \u00eend\u0103m\u00e2n\u0103. <\/p>\n<p>Cheltuielile prev\u0103zute constituie aproximativ 100 de euros pentru drum \u015fi agapa fr\u0103\u0163easc\u0103. Cazarea e de la 60 de euros. \u00cen cazul unor mari dificult\u0103\u0163i financiare, dar o mare dorin\u0163\u0103 de a participa la acest pelerinaj, anun\u0163a\u0163i organizatorii.<br \/>\n<strong><br \/>\nPentru informa\u0163ii suplimentare :<br \/>\n06 59 43 07 70<\/strong><\/p>\n","protected":false},"excerpt":{"rendered":"<p class=\"qtranxs-available-languages-message qtranxs-available-languages-message-en\">Sorry, this entry is only available in <a href=\"https:\/\/www.ortodoxmd.eu\/ro\/wp-json\/wp\/v2\/posts\/5638\" class=\"qtranxs-available-language-link qtranxs-available-language-link-ro\" title=\"Rom\u00e2n\u0103\">Rom\u00e2n\u0103<\/a>.<\/p>\n","protected":false},"author":1,"featured_media":0,"comment_status":"closed","ping_status":"closed","sticky":false,"template":"","format":"standard","meta":{"_jetpack_memberships_contains_paid_content":false,"footnotes":""},"categories":[1,11,5],"tags":[],"class_list":["post-5638","post","type-post","status-publish","format-standard","hentry","category-anunturi","category-noutati","category-stiri"],"jetpack_featured_media_url":"","jetpack_shortlink":"https:\/\/wp.me\/p2NLBd-1sW","jetpack_sharing_enabled":true,"_links":{"self":[{"href":"https:\/\/www.ortodoxmd.eu\/en\/wp-json\/wp\/v2\/posts\/5638","targetHints":{"allow":["GET"]}}],"collection":[{"href":"https:\/\/www.ortodoxmd.eu\/en\/wp-json\/wp\/v2\/posts"}],"about":[{"href":"https:\/\/www.ortodoxmd.eu\/en\/wp-json\/wp\/v2\/types\/post"}],"author":[{"embeddable":true,"href":"https:\/\/www.ortodoxmd.eu\/en\/wp-json\/wp\/v2\/users\/1"}],"replies":[{"embeddable":true,"href":"https:\/\/www.ortodoxmd.eu\/en\/wp-json\/wp\/v2\/comments?post=5638"}],"version-history":[{"count":4,"href":"https:\/\/www.ortodoxmd.eu\/en\/wp-json\/wp\/v2\/posts\/5638\/revisions"}],"predecessor-version":[{"id":5651,"href":"https:\/\/www.ortodoxmd.eu\/en\/wp-json\/wp\/v2\/posts\/5638\/revisions\/5651"}],"wp:attachment":[{"href":"https:\/\/www.ortodoxmd.eu\/en\/wp-json\/wp\/v2\/media?parent=5638"}],"wp:term":[{"taxonomy":"category","embeddable":true,"href":"https:\/\/www.ortodoxmd.eu\/en\/wp-json\/wp\/v2\/categories?post=5638"},{"taxonomy":"post_tag","embeddable":true,"href":"https:\/\/www.ortodoxmd.eu\/en\/wp-json\/wp\/v2\/tags?post=5638"}],"curies":[{"name":"wp","href":"https:\/\/api.w.org\/{rel}","templated":true}]}}