{"id":6017,"date":"2015-09-30T21:20:23","date_gmt":"2015-09-30T19:20:23","guid":{"rendered":"http:\/\/www.ortodoxmd.eu\/?p=6017"},"modified":"2015-10-02T09:22:54","modified_gmt":"2015-10-02T07:22:54","slug":"franta-formare-profesionala-continua-la-paris","status":"publish","type":"post","link":"https:\/\/www.ortodoxmd.eu\/en\/franta-formare-profesionala-continua-la-paris\/","title":{"rendered":"Fran\u021ba: Formare profesional\u0103 continu\u0103 la Paris"},"content":{"rendered":"<p><strong>Centrul de formare continu\u0103 <a href=\"http:\/\/www.aiduca.fr\/\">AIDUC@<\/a> ofer\u0103 o serie de form\u0103ri continue \u00een diverse domenii: construc\u021bie, urbanism, mediul \u00eenconjur\u0103tor, amenajare termic\u0103 etc.<br \/>\n<\/strong><br \/>\nNoua reform\u0103 \u00een domeniul muncii adoptat\u0103 \u00een martie 2014 face din formarea profesional\u0103  o p\u00eerghie de copetivitate pentru \u00eentreprinderi \u0219i un instrument de cre\u0219tere pentru salaria\u021bi. <\/p>\n<p>Conform legii, angajatorul trebuie s\u0103 efectueze la fiecare doi ani un interviu profesional, care s\u0103 aib\u0103 drept scop de a face bilan\u021bul cursurilor de formare urmate de angajat \u0219i de a studia perspectivele de evolu\u021bie profesional\u0103 ale angaja\u021bilor.<\/p>\n<p>La fiecare \u0219ase ani, acest interviu ia forma unei constat\u0103ri a situa\u021biei aprofundate a parcursului profesional al salariatului care finalizeaz\u0103 cu un raport sau un rezumat al situa\u021biei. De exemplu dac\u0103 salariatul este angajat \u00een martie 2014, un interviu profesional obligatoriu va fi realizat \u00eenainte de martie 2016. <\/p>\n<p><strong>Pe siteul centrului ve\u021bi g\u0103si calendarul form\u0103rilor \u00een grup, timp de trei zile, de la 9.00 \u2013 17.30:<br \/>\n17, 18, 25 septembrie 2015<br \/>\n19, 20, 21 octombrie 2015<br \/>\n16, 17, 20 noiembrie 2015<br \/>\n14, 15, 18 decembrie 2015<br \/>\n<\/strong><br \/>\nAcest program este dat cu titlu indicativ. Fiecare formare este constituit\u0103 \u00een form\u0103 de curs particular sau semiparticular, con\u021binutul fiind definitivat \u00eentre persoana interesat\u0103 \u0219i formator. <\/p>\n<p>Form\u0103rile au loc la <strong>sediul CAPEB-Paris, 28 bis rue Sorbier, PARIS 20\u00e8me. Metro Gambetta.<br \/>\n<\/strong><br \/>\n<a href=\"http:\/\/www.aiduca.fr\/\">Centrul Aiduc@<\/a> v\u0103 ofer\u0103 certificate recunoscute \u00een domeniul pe care \u00eel profesa\u021bi. <\/p>\n<p>Pentru informa\u021bii suplimentare:<br \/>\n<strong>Mobil: 06 77 89 41 89<br \/>\nTel.: 01 48 92 15 30<br \/>\naiduca-formation &#8211; <a href=\"http:\/\/www.aiduca.fr\/\">http:\/\/www.aiduca.fr\/<\/a><br \/>\n19 rue Auguste Comte<br \/>\n92170 VANVES<br \/>\ninfo@aiduca.fr<br \/>\n<\/strong><\/p>\n","protected":false},"excerpt":{"rendered":"<p class=\"qtranxs-available-languages-message qtranxs-available-languages-message-en\">Sorry, this entry is only available in <a href=\"https:\/\/www.ortodoxmd.eu\/ro\/wp-json\/wp\/v2\/posts\/6017\" class=\"qtranxs-available-language-link qtranxs-available-language-link-ro\" title=\"Rom\u00e2n\u0103\">Rom\u00e2n\u0103<\/a>.<\/p>\n","protected":false},"author":1,"featured_media":0,"comment_status":"open","ping_status":"open","sticky":false,"template":"","format":"standard","meta":{"_jetpack_memberships_contains_paid_content":false,"footnotes":""},"categories":[1,11,5],"tags":[],"class_list":["post-6017","post","type-post","status-publish","format-standard","hentry","category-anunturi","category-noutati","category-stiri"],"jetpack_featured_media_url":"","jetpack_shortlink":"https:\/\/wp.me\/p2NLBd-1z3","jetpack_sharing_enabled":true,"_links":{"self":[{"href":"https:\/\/www.ortodoxmd.eu\/en\/wp-json\/wp\/v2\/posts\/6017","targetHints":{"allow":["GET"]}}],"collection":[{"href":"https:\/\/www.ortodoxmd.eu\/en\/wp-json\/wp\/v2\/posts"}],"about":[{"href":"https:\/\/www.ortodoxmd.eu\/en\/wp-json\/wp\/v2\/types\/post"}],"author":[{"embeddable":true,"href":"https:\/\/www.ortodoxmd.eu\/en\/wp-json\/wp\/v2\/users\/1"}],"replies":[{"embeddable":true,"href":"https:\/\/www.ortodoxmd.eu\/en\/wp-json\/wp\/v2\/comments?post=6017"}],"version-history":[{"count":4,"href":"https:\/\/www.ortodoxmd.eu\/en\/wp-json\/wp\/v2\/posts\/6017\/revisions"}],"predecessor-version":[{"id":6023,"href":"https:\/\/www.ortodoxmd.eu\/en\/wp-json\/wp\/v2\/posts\/6017\/revisions\/6023"}],"wp:attachment":[{"href":"https:\/\/www.ortodoxmd.eu\/en\/wp-json\/wp\/v2\/media?parent=6017"}],"wp:term":[{"taxonomy":"category","embeddable":true,"href":"https:\/\/www.ortodoxmd.eu\/en\/wp-json\/wp\/v2\/categories?post=6017"},{"taxonomy":"post_tag","embeddable":true,"href":"https:\/\/www.ortodoxmd.eu\/en\/wp-json\/wp\/v2\/tags?post=6017"}],"curies":[{"name":"wp","href":"https:\/\/api.w.org\/{rel}","templated":true}]}}