{"id":6125,"date":"2015-11-16T13:57:35","date_gmt":"2015-11-16T11:57:35","guid":{"rendered":"http:\/\/www.ortodoxmd.eu\/?p=6125"},"modified":"2015-11-17T13:58:32","modified_gmt":"2015-11-17T11:58:32","slug":"in-bisericile-ortodoxe-din-franta-au-avut-loc-slujbe-de-pomenire-pentru-victimele-atacurilor-teroriste-din-paris","status":"publish","type":"post","link":"https:\/\/www.ortodoxmd.eu\/en\/in-bisericile-ortodoxe-din-franta-au-avut-loc-slujbe-de-pomenire-pentru-victimele-atacurilor-teroriste-din-paris\/","title":{"rendered":"\u00cen bisericile ortodoxe din Fran\u0163a au avut loc slujbe de pomenire pentru victimele atacurilor teroriste din Paris"},"content":{"rendered":"<p><strong>Deja a doua zi dup\u0103 seria actelor teroriste din Paris, \u00een bisericile ortodoxe de pe teritoriul Fran\u0163ei au \u00eenceput s\u0103 fie s\u0103v\u00eer\u015fite slujbe de pomenire pentru cei mor\u0163i. <\/strong><\/p>\n<p>&#8220;.. Ortodoc\u0219ii din toat\u0103 \u0163ara \u00eemp\u0103rt\u0103\u015fesc durerea poporului francez. De diminea\u0163\u0103 am s\u0103v\u00eer\u015fit panihida pentru victimele actelor teroriste, iar m\u00e2ine va fi o alt\u0103 slujb\u0103. Ne-am rugat, de asemenea, pentru victimele accidentului teribil de avion a ru\u015filor \u00een Sinai&#8221;, a declarat la 14 noiembrie protoiereul Andrei Eliseev, parohul Catedralei Sf. Nicolae din Nice, corespondentul ziarului &#8220;Izvestia&#8221;.<\/p>\n<p>Conform informa\u0163iilor parohului Bisericii Cuviosului Serafim de Sarov din Bordeaux, protoiereul Innochentie Vio, panihida a fost s\u0103v\u00eer\u015fit\u0103 \u00een aceast\u0103 biseric\u0103 \u00een ziua de duminic\u0103. \u201eEnoria\u015fii veneau \u015fa biseric\u0103 \u015fi doreau foarte mult s\u0103 participela slujba pentru victimele din Paris\u201d, a remarcat el. <\/p>\n<p>Slujbe de pomenire au fost f\u0103cute \u00een toate bisericile \u0219i m\u0103n\u0103stirile Eparhiei Corsunului care reune\u015fte bisericile ortodoxe din Fran\u0163a, Elve\u0163ia, Spania \u015fi Portugalia.<\/p>\n<p>Episcopul Nestor al Corsunului a \u00een\u0103l\u0163at rug\u0103ciuni pentru to\u0163i locuitorii \u015fi oaspe\u0163ii Parisului care au fosst afecta\u0163i de aceast\u0103 teribil\u0103 tragedie \u00een Catedrala Sfin\u0163ilor Trei Ierarhi din Paris. <\/p>\n","protected":false},"excerpt":{"rendered":"<p class=\"qtranxs-available-languages-message qtranxs-available-languages-message-en\">Sorry, this entry is only available in <a href=\"https:\/\/www.ortodoxmd.eu\/ro\/wp-json\/wp\/v2\/posts\/6125\" class=\"qtranxs-available-language-link qtranxs-available-language-link-ro\" title=\"Rom\u00e2n\u0103\">Rom\u00e2n\u0103<\/a>.<\/p>\n","protected":false},"author":1,"featured_media":0,"comment_status":"open","ping_status":"open","sticky":false,"template":"","format":"standard","meta":{"_jetpack_memberships_contains_paid_content":false,"footnotes":""},"categories":[1,11,5],"tags":[],"class_list":["post-6125","post","type-post","status-publish","format-standard","hentry","category-anunturi","category-noutati","category-stiri"],"jetpack_featured_media_url":"","jetpack_shortlink":"https:\/\/wp.me\/p2NLBd-1AN","jetpack_sharing_enabled":true,"_links":{"self":[{"href":"https:\/\/www.ortodoxmd.eu\/en\/wp-json\/wp\/v2\/posts\/6125","targetHints":{"allow":["GET"]}}],"collection":[{"href":"https:\/\/www.ortodoxmd.eu\/en\/wp-json\/wp\/v2\/posts"}],"about":[{"href":"https:\/\/www.ortodoxmd.eu\/en\/wp-json\/wp\/v2\/types\/post"}],"author":[{"embeddable":true,"href":"https:\/\/www.ortodoxmd.eu\/en\/wp-json\/wp\/v2\/users\/1"}],"replies":[{"embeddable":true,"href":"https:\/\/www.ortodoxmd.eu\/en\/wp-json\/wp\/v2\/comments?post=6125"}],"version-history":[{"count":2,"href":"https:\/\/www.ortodoxmd.eu\/en\/wp-json\/wp\/v2\/posts\/6125\/revisions"}],"predecessor-version":[{"id":6128,"href":"https:\/\/www.ortodoxmd.eu\/en\/wp-json\/wp\/v2\/posts\/6125\/revisions\/6128"}],"wp:attachment":[{"href":"https:\/\/www.ortodoxmd.eu\/en\/wp-json\/wp\/v2\/media?parent=6125"}],"wp:term":[{"taxonomy":"category","embeddable":true,"href":"https:\/\/www.ortodoxmd.eu\/en\/wp-json\/wp\/v2\/categories?post=6125"},{"taxonomy":"post_tag","embeddable":true,"href":"https:\/\/www.ortodoxmd.eu\/en\/wp-json\/wp\/v2\/tags?post=6125"}],"curies":[{"name":"wp","href":"https:\/\/api.w.org\/{rel}","templated":true}]}}