{"id":9225,"date":"2020-05-06T11:15:42","date_gmt":"2020-05-06T09:15:42","guid":{"rendered":"http:\/\/www.ortodoxmd.eu\/?p=9225"},"modified":"2020-05-07T12:46:08","modified_gmt":"2020-05-07T10:46:08","slug":"vineri-sfanta-liturghie-la-catedrala-sfintei-treimi-din-paris-va-fi-savarsita-in-limba-romana","status":"publish","type":"post","link":"https:\/\/www.ortodoxmd.eu\/en\/vineri-sfanta-liturghie-la-catedrala-sfintei-treimi-din-paris-va-fi-savarsita-in-limba-romana\/","title":{"rendered":"(Rom\u00e2n\u0103) Vineri, Sf\u00e2nta Liturghie la Catedrala Sfintei Treimi din Paris va fi s\u0103v\u00e2r\u0219it\u0103 \u00een limba rom\u00e2n\u0103"},"content":{"rendered":"<p class=\"qtranxs-available-languages-message qtranxs-available-languages-message-en\">Sorry, this entry is only available in <a href=\"https:\/\/www.ortodoxmd.eu\/ro\/wp-json\/wp\/v2\/posts\/9225\" class=\"qtranxs-available-language-link qtranxs-available-language-link-ro\" title=\"Rom\u00e2n\u0103\">Rom\u00e2n\u0103<\/a>.<\/p>","protected":false},"excerpt":{"rendered":"<p class=\"qtranxs-available-languages-message qtranxs-available-languages-message-en\">Sorry, this entry is only available in <a href=\"https:\/\/www.ortodoxmd.eu\/ro\/wp-json\/wp\/v2\/posts\/9225\" class=\"qtranxs-available-language-link qtranxs-available-language-link-ro\" title=\"Rom\u00e2n\u0103\">Rom\u00e2n\u0103<\/a>.<\/p>\n","protected":false},"author":1,"featured_media":0,"comment_status":"open","ping_status":"open","sticky":false,"template":"","format":"standard","meta":{"_jetpack_memberships_contains_paid_content":false,"footnotes":""},"categories":[1,11,5],"tags":[],"class_list":["post-9225","post","type-post","status-publish","format-standard","hentry","category-anunturi","category-noutati","category-stiri"],"jetpack_featured_media_url":"","jetpack_shortlink":"https:\/\/wp.me\/p2NLBd-2oN","jetpack_sharing_enabled":true,"_links":{"self":[{"href":"https:\/\/www.ortodoxmd.eu\/en\/wp-json\/wp\/v2\/posts\/9225","targetHints":{"allow":["GET"]}}],"collection":[{"href":"https:\/\/www.ortodoxmd.eu\/en\/wp-json\/wp\/v2\/posts"}],"about":[{"href":"https:\/\/www.ortodoxmd.eu\/en\/wp-json\/wp\/v2\/types\/post"}],"author":[{"embeddable":true,"href":"https:\/\/www.ortodoxmd.eu\/en\/wp-json\/wp\/v2\/users\/1"}],"replies":[{"embeddable":true,"href":"https:\/\/www.ortodoxmd.eu\/en\/wp-json\/wp\/v2\/comments?post=9225"}],"version-history":[{"count":4,"href":"https:\/\/www.ortodoxmd.eu\/en\/wp-json\/wp\/v2\/posts\/9225\/revisions"}],"predecessor-version":[{"id":9229,"href":"https:\/\/www.ortodoxmd.eu\/en\/wp-json\/wp\/v2\/posts\/9225\/revisions\/9229"}],"wp:attachment":[{"href":"https:\/\/www.ortodoxmd.eu\/en\/wp-json\/wp\/v2\/media?parent=9225"}],"wp:term":[{"taxonomy":"category","embeddable":true,"href":"https:\/\/www.ortodoxmd.eu\/en\/wp-json\/wp\/v2\/categories?post=9225"},{"taxonomy":"post_tag","embeddable":true,"href":"https:\/\/www.ortodoxmd.eu\/en\/wp-json\/wp\/v2\/tags?post=9225"}],"curies":[{"name":"wp","href":"https:\/\/api.w.org\/{rel}","templated":true}]}}