{"id":10972,"date":"2025-01-14T23:46:55","date_gmt":"2025-01-14T21:46:55","guid":{"rendered":"https:\/\/www.ortodoxmd.eu\/?p=10972"},"modified":"2025-01-16T16:26:16","modified_gmt":"2025-01-16T14:26:16","slug":"eeniment-pentru-marcarea-a-1700-aniversari-a-consiliului-de-la-niceea-la-clamart-in-data-de-21-ianuarie-2025","status":"publish","type":"post","link":"https:\/\/www.ortodoxmd.eu\/fr\/eeniment-pentru-marcarea-a-1700-aniversari-a-consiliului-de-la-niceea-la-clamart-in-data-de-21-ianuarie-2025\/","title":{"rendered":"\u00c0 la source de la foi chr\u00e9tienne : Une journ\u00e9e exceptionnelle  \u00e0 Clamart pour les 1700 ans du Concile de Nic\u00e9e"},"content":{"rendered":"<p><strong><em>\u00c0 la source de la foi chr\u00e9tienne: Une journ\u00e9e exceptionnelle <\/em><\/strong><strong><em>\u00e0 Clamart pour les 1700 ans du Concile de Nic\u00e9e<\/em><\/strong><\/p>\n<p>Les communaut\u00e9s chr\u00e9tiennes de Clamart invitent le grand public \u00e0 c\u00e9l\u00e9brer les 1700 ans du Concile de Nic\u00e9e lors d\u2019une journ\u00e9e riche en d\u00e9couvertes, en dialogue et en r\u00e9flexion. Cet \u00e9v\u00e9nement unique r\u00e9unira catholiques, protestants, \u00e9vang\u00e9liques et orthodoxes pour explorer ensemble les racines et la pertinence contemporaine de la foi chr\u00e9tienne.<\/p>\n<p><strong>UN \u00c9V\u00c9NEMENT POUR TOUS<\/strong><\/p>\n<p>Que vous soyez croyant, curieux ou passionn\u00e9 par l\u2019histoire, cette journ\u00e9e vous permettra d\u2019explorer les fondements de la foi chr\u00e9tienne et leurs \u00e9chos dans notre monde actuel. \u00c0 travers des \u00e9changes riches et des temps de partage, cet \u00e9v\u00e9nement mettra en lumi\u00e8re les valeurs communes qui unissent les traditions chr\u00e9tiennes.<\/p>\n<p><strong>UN PROGRAMME RICHE ET VARI\u00c9<\/strong><\/p>\n<p><strong> 14h<\/strong> : Exposition interactive \u2013 \u00ab La Bible, patrimoine de l\u2019humanit\u00e9 \u00bb. Une activit\u00e9 ludique<br \/>\net p\u00e9dagogique, adapt\u00e9e \u00e0 toute la famille.<br \/>\n<strong>19h<\/strong> : Cocktail de bienvenue \u2013 Un moment de convivialit\u00e9 ouvert \u00e0 tous.<br \/>\n20h : Table ronde \u2013 \u00ab En qui croyons-nous ? \u00c0 la source de la foi chr\u00e9tienne, r\u00e9sonance contemporaine du Concile de Nic\u00e9e \u00bb.<\/p>\n<p>Anim\u00e9e par Anne Ponce, directrice de la r\u00e9daction<br \/>\nde La Croix, cette rencontre exceptionnelle r\u00e9unira :<br \/>\nMgr Matthieu Rouge, \u00c9v\u00eaque de Nanterre<br \/>\nPasteur Nicolas Cochand, Professeur de th\u00e9ologie pratique, Facult\u00e9 protestante de<br \/>\nParis<br \/>\nPasteur Alexandre Antoine, Professeur d\u2019histoire de l\u2019\u00c9glise, Facult\u00e9 libre de th\u00e9ologie<br \/>\n\u00e9vang\u00e9lique de Vaux-sur-Seine<br \/>\nMgr Nestor Sirotenko, M\u00e9tropolite de Cherson\u00e8se et d\u2019Europe occidentale<\/p>\n<p><strong> INFORMATIONS PRATIQUES<\/strong><br \/>\nDate : Mardi 21 janvier 2025<br \/>\nLieu : Salle des f\u00eates Hunnebelle<br \/>\nPlace Jules Hunnebelle<br \/>\n92140 Clamart<\/p>\n<p><strong>ENTR\u00c9E LIBRE<\/strong><\/p>","protected":false},"excerpt":{"rendered":"<p>Les communaut\u00e9s chr\u00e9tiennes de Clamart invitent le grand public \u00e0 c\u00e9l\u00e9brer les 1700 ans du Concile de Nic\u00e9e lors d\u2019une journ\u00e9e riche en d\u00e9couvertes, en dialogue et en r\u00e9flexion. Cet \u00e9v\u00e9nement unique r\u00e9unira catholiques, protestants, \u00e9vang\u00e9liques et orthodoxes pour explorer ensemble les racines et la pertinence contemporaine de la foi chr\u00e9tienne.<\/p>\n","protected":false},"author":1,"featured_media":10973,"comment_status":"open","ping_status":"closed","sticky":false,"template":"","format":"standard","meta":{"_jetpack_memberships_contains_paid_content":false,"footnotes":""},"categories":[1,14,13,18,11,12,10,15,17,16,19,5],"tags":[],"class_list":["post-10972","post","type-post","status-publish","format-standard","has-post-thumbnail","hentry","category-anunturi","category-colinde","category-interviuri","category-invataturi-duhovnicesti","category-noutati","category-pelerinaje","category-predici","category-programul-slujbelor","category-radio-logos","category-resurse-ortodoxe","category-sfintele-taine","category-stiri"],"jetpack_featured_media_url":"https:\/\/i0.wp.com\/www.ortodoxmd.eu\/wp-content\/uploads\/2025\/01\/2025-01-15_00-35-32.png?fit=803%2C815&ssl=1","jetpack_shortlink":"https:\/\/wp.me\/p2NLBd-2QY","jetpack_sharing_enabled":true,"_links":{"self":[{"href":"https:\/\/www.ortodoxmd.eu\/fr\/wp-json\/wp\/v2\/posts\/10972","targetHints":{"allow":["GET"]}}],"collection":[{"href":"https:\/\/www.ortodoxmd.eu\/fr\/wp-json\/wp\/v2\/posts"}],"about":[{"href":"https:\/\/www.ortodoxmd.eu\/fr\/wp-json\/wp\/v2\/types\/post"}],"author":[{"embeddable":true,"href":"https:\/\/www.ortodoxmd.eu\/fr\/wp-json\/wp\/v2\/users\/1"}],"replies":[{"embeddable":true,"href":"https:\/\/www.ortodoxmd.eu\/fr\/wp-json\/wp\/v2\/comments?post=10972"}],"version-history":[{"count":2,"href":"https:\/\/www.ortodoxmd.eu\/fr\/wp-json\/wp\/v2\/posts\/10972\/revisions"}],"predecessor-version":[{"id":10975,"href":"https:\/\/www.ortodoxmd.eu\/fr\/wp-json\/wp\/v2\/posts\/10972\/revisions\/10975"}],"wp:featuredmedia":[{"embeddable":true,"href":"https:\/\/www.ortodoxmd.eu\/fr\/wp-json\/wp\/v2\/media\/10973"}],"wp:attachment":[{"href":"https:\/\/www.ortodoxmd.eu\/fr\/wp-json\/wp\/v2\/media?parent=10972"}],"wp:term":[{"taxonomy":"category","embeddable":true,"href":"https:\/\/www.ortodoxmd.eu\/fr\/wp-json\/wp\/v2\/categories?post=10972"},{"taxonomy":"post_tag","embeddable":true,"href":"https:\/\/www.ortodoxmd.eu\/fr\/wp-json\/wp\/v2\/tags?post=10972"}],"curies":[{"name":"wp","href":"https:\/\/api.w.org\/{rel}","templated":true}]}}