{"id":1268,"date":"2011-05-20T11:27:08","date_gmt":"2011-05-20T09:27:08","guid":{"rendered":"http:\/\/www.ortodoxmd.eu\/?p=1268"},"modified":"2015-09-25T15:54:20","modified_gmt":"2015-09-25T13:54:20","slug":"23-24-mai-2011-summit-mondial-religios-la-bordeaux","status":"publish","type":"post","link":"https:\/\/www.ortodoxmd.eu\/fr\/23-24-mai-2011-summit-mondial-religios-la-bordeaux\/","title":{"rendered":"23 \u2013 24 mai 2011: Sommet religieux \u00e0 Bordeaux"},"content":{"rendered":"<p><strong>Un Sommet mondial religieux aura lieu \u00e0 Bordeaux du 23 au 24 mai 2011. <\/strong>Il regroupera des personnalit\u00e9s religieuses de diff\u00e9rents pays, en offrant aux participants l\u2019opportunit\u00e9 de discuter sur les enjeux mondiaux actuels, de contribuer au d\u00e9veloppement des partenariats et d\u2019une meilleure coop\u00e9ration entre les gouvernements et les communaut\u00e9s religieuses. <\/p>\n<p>Les sujets principaux : la r\u00e9forme de la gouvernance mondiale, la coop\u00e9ration pour la paix dans le monde, la situation macro \u00e9conomique, les changements climatiques etc.<br \/>\n<strong>Mgr Emmanuel<\/strong>, pr\u00e9sident de l&rsquo;Assembl\u00e9e des \u00e9v\u00eaques orthodoxes de France ouvrira le sommet, suivi par un mot de bienvenue du cardinal <strong>Jean Pierre Ricard<\/strong>, archev\u00eaque de Bordeaux. Le D\u00e9partement des relations ext\u00e9rieures du Patriarcat de Moscou sera repr\u00e9sent\u00e9 par l\u2019higoum\u00e8ne <strong>Philar\u00e8te Bulekov<\/strong>. <\/p>\n<p>Le sommet sera cl\u00f4tur\u00e9 par l&rsquo;adoption d&rsquo;une d\u00e9claration commune. <\/p>\n<p>Ce sommet est organis\u00e9 \u00e0 l\u2019occasion du Sommet G-8 des chefs d\u2019\u00e9tat qui aura lieu \u00e0 Deauville, France, du 26 au 27 mai 2011.<br \/>\n<em><br \/>\nPlus de d\u00e9tails sur <a href=\"http:\/\/religionsforpeace.org\/about\/bordeaux-religious-leaders.html\">religionsforpeace.com<\/a> . <\/em><\/p>","protected":false},"excerpt":{"rendered":"<p>Un Sommet mondial religieux aura lieu \u00e0 Bordeaux du 23 au 24 mai 2011. Il regroupera des personnalit\u00e9s religieuses de diff\u00e9rents pays, en offrant aux participants l\u2019opportunit\u00e9 de discuter sur&#8230;<\/p>\n","protected":false},"author":1,"featured_media":0,"comment_status":"closed","ping_status":"closed","sticky":false,"template":"","format":"standard","meta":{"_jetpack_memberships_contains_paid_content":false,"footnotes":""},"categories":[11,5],"tags":[],"class_list":["post-1268","post","type-post","status-publish","format-standard","hentry","category-noutati","category-stiri"],"jetpack_featured_media_url":"","jetpack_shortlink":"https:\/\/wp.me\/p2NLBd-ks","jetpack_sharing_enabled":true,"_links":{"self":[{"href":"https:\/\/www.ortodoxmd.eu\/fr\/wp-json\/wp\/v2\/posts\/1268","targetHints":{"allow":["GET"]}}],"collection":[{"href":"https:\/\/www.ortodoxmd.eu\/fr\/wp-json\/wp\/v2\/posts"}],"about":[{"href":"https:\/\/www.ortodoxmd.eu\/fr\/wp-json\/wp\/v2\/types\/post"}],"author":[{"embeddable":true,"href":"https:\/\/www.ortodoxmd.eu\/fr\/wp-json\/wp\/v2\/users\/1"}],"replies":[{"embeddable":true,"href":"https:\/\/www.ortodoxmd.eu\/fr\/wp-json\/wp\/v2\/comments?post=1268"}],"version-history":[{"count":7,"href":"https:\/\/www.ortodoxmd.eu\/fr\/wp-json\/wp\/v2\/posts\/1268\/revisions"}],"predecessor-version":[{"id":5960,"href":"https:\/\/www.ortodoxmd.eu\/fr\/wp-json\/wp\/v2\/posts\/1268\/revisions\/5960"}],"wp:attachment":[{"href":"https:\/\/www.ortodoxmd.eu\/fr\/wp-json\/wp\/v2\/media?parent=1268"}],"wp:term":[{"taxonomy":"category","embeddable":true,"href":"https:\/\/www.ortodoxmd.eu\/fr\/wp-json\/wp\/v2\/categories?post=1268"},{"taxonomy":"post_tag","embeddable":true,"href":"https:\/\/www.ortodoxmd.eu\/fr\/wp-json\/wp\/v2\/tags?post=1268"}],"curies":[{"name":"wp","href":"https:\/\/api.w.org\/{rel}","templated":true}]}}