{"id":1742,"date":"2011-08-25T11:00:21","date_gmt":"2011-08-25T09:00:21","guid":{"rendered":"http:\/\/www.ortodoxmd.eu\/?p=1742"},"modified":"2015-09-25T15:49:02","modified_gmt":"2015-09-25T13:49:02","slug":"postul-adormirii-maicii-domnului-27-august-sfanta-liturghie-la-biserica-din-vanves","status":"publish","type":"post","link":"https:\/\/www.ortodoxmd.eu\/fr\/postul-adormirii-maicii-domnului-27-august-sfanta-liturghie-la-biserica-din-vanves\/","title":{"rendered":"(Rom\u00e2n\u0103) S\u00e2mb\u0103t\u0103, 27 august, de ziua Independen\u0163ei R. Moldova v\u0103 invit\u0103m la Sf\u00e2nta Liturghie la biserica din Vanves"},"content":{"rendered":"<p><strong><em>Dragi prieteni, iubi\u0163i fra\u0163i \u015fi surori,<\/em><br \/>\n<em><\/em><\/strong><\/p>\n<p><strong><em><em>Dorim s\u0103 v\u0103 anun\u0163\u0103m programul urm\u0103toarei slujbe care va fi oficiat\u0103 pe 27 august.<\/em><\/em><br \/>\n<\/strong><\/p>\n<p>Postul Adormirii este r\u00e2nduit de Biseric\u0103 spre amintirea virtu\u0163ilor cu care s-a \u00eembog\u0103\u0163it Preasf\u00e2nta Fecioara de Dumnezeu N\u0103sc\u0103toarea \u015fi spre preg\u0103tirea c\u0103tre trecerea la ve\u015fnicie. Exemplul Maicii Domnului este necesar pentru fiecare dintre noi. To\u021bi s\u00eentem chema\u021bi s\u0103 ne \u00eembog\u0103\u0163im duhovnice\u015fte \u015fi s\u0103 ne preg\u0103tim pentru via\u0163a ve\u015fnic\u0103.<\/p>\n<p>S\u00e2mb\u0103t\u0103, de 27 august, este ajunul s\u0103rb\u0103torii Adormirii Maicii Domnului. \u00cen aceast\u0103 zi biserica ne preg\u0103te\u015fte prin c\u00e2nt\u0103ri \u015fi rug\u0103ciuni de a o preasl\u0103vi pe N\u0103sc\u0103toarea de Dumnezeu.<\/p>\n<p>Troparul \u015fi condacul \u00cenainta pr\u0103znuirii l\u0103muresc bucuria Maicii Domnului \u00eenainte de a trece de pe p\u0103m\u00e2nt la cer. Pe care trebuie s-o avem \u015fi noi la vremea trecerii din via\u0163a aceasta spre Patria cea cereasc\u0103.<\/p>\n<p>Tropar (Glasul 4)<\/p>\n<p>Popoare, \u00eenainte d\u0103n\u0163ui\u0163i, din m\u00e2ini plesnind cu credin\u0163\u0103, \u015fi cu dragoste v\u0103 aduna\u0163i ast\u0103zi bucur\u00e2ndu-v\u0103, \u015fi luminat c\u00e2nt\u00e2nd to\u0163i cu veselie. C\u0103 Maica lui Dumnezeu urmeaz\u0103 s\u0103 treac\u0103 de la cele p\u0103m\u00e2nte\u015fti la cele de sus cu pream\u0103rire. Pe aceea cu c\u00e2nt\u0103ri pururea s\u0103 o m\u0103rim, ca N\u0103sc\u0103toare de Dumnezeu.<\/p>\n<p>Condac (Glasul 4)<\/p>\n<p>\u00centru sl\u0103vit\u0103 pomenirea ta, lumea \u00eempodobit\u0103 fiind prin g\u00e2nd cu duh f\u0103r\u0103 materie \u00een veselie strig\u0103 c\u0103tre tine, N\u0103sc\u0103toare de Dumnezeu: \u00ab\u00a0Bucur\u0103-te, Fecioar\u0103, lauda cre\u015ftinilor!\u00a0\u00bb<\/p>\n<p><strong>Pe data de 27 august, \u00een ajunul s\u0103rb\u0103torii Adormirii Maicii Domnului va fi oficiat\u0103 Sf\u00e2nta \u0219i Dumnezeiasca Liturghie la biserica din Vanves.<\/strong><\/p>\n<p>Ziua aceasta este o zi deosebit\u0103 pentru Republica Moldova \u2013 este <strong>Ziua Independen\u0163ei<\/strong>. Suntem la popasul anivers\u0103rii a dou\u0103 decenii de la proclamarea Independen\u0163ei. S\u0103 mul\u0163umim Bunului Dumnezeu pentru acest mare dar al libert\u0103\u0163ii, pentru aceast\u0103 nou\u0103 epoc\u0103 \u00een istoria patriei noastre. Domnul s\u0103 ne ajute s\u0103 putem p\u0103stra libertatea \u015fi demnitatea noastr\u0103.<\/p>\n<p>\u00cen plan duhovnicesc dorim ca s\u0103 fim liberi de p\u0103cat, de patimi \u015fi de vicii, care \u00eenc\u0103tu\u015feaz\u0103 mai r\u0103u ca fierul \u015fi o\u0163elul, mai r\u0103u ca jugul cotropitor.<\/p>\n<p><strong>S\u00e2mb\u0103t\u0103, <span style=\"color: #ff0000;\">27 august,<\/span> la biserica Sfin\u0163ilor noi martiri \u015fi m\u0103rturisitori din Vanves, Slujba se va \u00eencepe la ora <span style=\"color: #ff0000;\">8.30<\/span> cu <span style=\"color: #ff0000;\">Acatistul Maicii Domnului,<\/span> apoi va fi oficiat\u0103 <span style=\"color: #ff0000;\">Sf\u00e2nta \u015fi Dumnezeiasca Liturghie<\/span> la care se vor pune <span style=\"color: #ff0000;\">rug\u0103ciuni \u015fi c\u00e2nt\u0103ri de mul\u0163umire consacrate a celei de-a 20-a aniversare a Independen\u0163ei Republicii Moldova.<\/span><\/strong><\/p>\n<p>Dup\u0103 Liturghie to\u0163i sunt invita\u0163i s\u0103 participe la agapa fr\u0103\u0163easc\u0103, preg\u0103tit\u0103 de enoria\u015fii comunit\u0103\u0163ii noastre.<\/p>\n<p>Adresa bisericii r\u0103m\u00e2ne aceea\u015fi:<br \/>\n<strong>16, rue Michel-Ange \u2013 92170 Vanves.<\/strong><br \/>\nMetro: <strong>Porte de Versailles<\/strong> sau<br \/>\n<strong>Malakoff Plateau de Vanves.<\/strong><\/p>\n<p><strong>V\u0103 mul\u0163umim pentru colaborare.<\/strong><br \/>\n<strong>Pe to\u0163i v\u0103 a\u015ftept\u0103m la aceste slujbe.<\/strong><\/p>\n<p>Nu ezita\u0163i s\u0103 ne contacta\u0163i pentru detalii \u015fi l\u0103muriri.<\/p>\n<p><em><strong>Cu drag ai vo\u015ftri ieromonahi, Iosif \u015fi Nicodim.<\/strong><\/em><\/p>","protected":false},"excerpt":{"rendered":"<p class=\"qtranxs-available-languages-message qtranxs-available-languages-message-fr\">D\u00e9sol\u00e9, cet article est seulement disponible en <a href=\"https:\/\/www.ortodoxmd.eu\/ro\/wp-json\/wp\/v2\/posts\/1742\" class=\"qtranxs-available-language-link qtranxs-available-language-link-ro\" title=\"Rom\u00e2n\u0103\">Rom\u00e2n\u0103<\/a>.<\/p>\n","protected":false},"author":1,"featured_media":0,"comment_status":"closed","ping_status":"closed","sticky":false,"template":"","format":"standard","meta":{"_jetpack_memberships_contains_paid_content":false,"footnotes":""},"categories":[1,5],"tags":[],"class_list":["post-1742","post","type-post","status-publish","format-standard","hentry","category-anunturi","category-stiri"],"jetpack_featured_media_url":"","jetpack_shortlink":"https:\/\/wp.me\/p2NLBd-s6","jetpack_sharing_enabled":true,"_links":{"self":[{"href":"https:\/\/www.ortodoxmd.eu\/fr\/wp-json\/wp\/v2\/posts\/1742","targetHints":{"allow":["GET"]}}],"collection":[{"href":"https:\/\/www.ortodoxmd.eu\/fr\/wp-json\/wp\/v2\/posts"}],"about":[{"href":"https:\/\/www.ortodoxmd.eu\/fr\/wp-json\/wp\/v2\/types\/post"}],"author":[{"embeddable":true,"href":"https:\/\/www.ortodoxmd.eu\/fr\/wp-json\/wp\/v2\/users\/1"}],"replies":[{"embeddable":true,"href":"https:\/\/www.ortodoxmd.eu\/fr\/wp-json\/wp\/v2\/comments?post=1742"}],"version-history":[{"count":9,"href":"https:\/\/www.ortodoxmd.eu\/fr\/wp-json\/wp\/v2\/posts\/1742\/revisions"}],"predecessor-version":[{"id":1850,"href":"https:\/\/www.ortodoxmd.eu\/fr\/wp-json\/wp\/v2\/posts\/1742\/revisions\/1850"}],"wp:attachment":[{"href":"https:\/\/www.ortodoxmd.eu\/fr\/wp-json\/wp\/v2\/media?parent=1742"}],"wp:term":[{"taxonomy":"category","embeddable":true,"href":"https:\/\/www.ortodoxmd.eu\/fr\/wp-json\/wp\/v2\/categories?post=1742"},{"taxonomy":"post_tag","embeddable":true,"href":"https:\/\/www.ortodoxmd.eu\/fr\/wp-json\/wp\/v2\/tags?post=1742"}],"curies":[{"name":"wp","href":"https:\/\/api.w.org\/{rel}","templated":true}]}}