{"id":1964,"date":"2011-09-18T15:18:00","date_gmt":"2011-09-18T13:18:00","guid":{"rendered":"http:\/\/www.ortodoxmd.eu\/?p=1964"},"modified":"2015-09-25T15:49:02","modified_gmt":"2015-09-25T13:49:02","slug":"predica-lq-sarbatoqreq-sfintilor-zqhqriq-si-elisqvetq","status":"publish","type":"post","link":"https:\/\/www.ortodoxmd.eu\/fr\/predica-lq-sarbatoqreq-sfintilor-zqhqriq-si-elisqvetq\/","title":{"rendered":"L\u2019hom\u00e9lie de jour des Saints Zacharie et Elisabeth"},"content":{"rendered":"<p><strong>Au nom du P\u00e8re, du Fils et du Saint-Esprit.<\/strong><\/p>\n<p><strong>Aujourd\u2019hui l\u2019Eglise comm\u00e9more la f\u00eate des saints Zacharie et Elisabeth.<\/strong><\/p>\n<p>L\u2019Evang\u00e9liste Luc nous donne une image claire et significative de ces deux personnages. Zacharie \u00e9tait un pr\u00eatre et sa femme fut originaire d\u2019une famille sacerdotale. Nous reprendrons le texte chapitre 1, versets 4-7 : <em><strong>Du temps d&rsquo;H\u00e9rode, roi de Jud\u00e9e, il y avait un sacrificateur, nomm\u00e9 Zacharie, de la classe d&rsquo;Abia ; sa femme \u00e9tait d&rsquo;entre les filles d&rsquo;Aaron, et s&rsquo;appelait \u00c9lisabeth. Tous deux \u00e9taient justes devant Dieu, observant d&rsquo;une mani\u00e8re irr\u00e9prochable tous les commandements et toutes les ordonnances du Seigneur. Ils n&rsquo;avaient point d&rsquo;enfants, parce qu&rsquo;\u00c9lisabeth \u00e9tait st\u00e9rile ; et ils \u00e9taient l&rsquo;un et l&rsquo;autre avanc\u00e9s en \u00e2ge.<\/strong><\/em><\/p>\n<p>Dans se petit passage nous trouvons l\u2019origine de ces saints, leurs \u00e9tat spirituel et leurs probl\u00e8mes. Je souhaite souligner le 3\u00e8me point. Ils n\u2019avaient pas d\u2019enfants. Pour l\u2019\u00e9poque c\u2019\u00e9tait un grand probl\u00e8me, comme de nos jours aussi.<\/p>\n<p>Un autre probl\u00e8me que nous rencontrons dans le personnage de saint Zacharie fut le doute, une chose normale et naturelle.\u00a0 \u00ab A quoi reconna\u00eetrai-je cela ? Car je suis vieux, et ma femme est avanc\u00e9e en \u00e2ge \u00bb a demand\u00e9 Zacharie \u00e0 l\u2019ange.<\/p>\n<p>C\u2019est une question rationnelle qui se base sur l\u2019exp\u00e9rience personnelle, sur la connaissance scientifique, mais elle manque de foi. Pour cette raison elle est p\u00e9nible. L\u2019ange l\u2019a ch\u00e2ti\u00e9 par le mutisme.<\/p>\n<p>Saint Zacharie est tr\u00e8s proche de chacun d\u2019entre nous. Dans notre vie nous avons beaucoup de probl\u00e8mes, difficult\u00e9s, parfois des doutes et des incr\u00e9dulit\u00e9s. Nous aussi nous posons des questions \u00e0 Dieu : comment est-ce possible, pourquoi cette obscurit\u00e9 ou cet obstacle arrive dans ma vie ? etc. Mais nous oublions de dire avec la M\u00e8re de Dieu : \u00abJe suis ton serviteur ou (ta servante) Seigneur, qu\u2019il me soit fait selon Ta volont\u00e9 \u00bb.<\/p>\n<p>Apr\u00e8s nous arrive des punitions, et nous encore murmurons, nous nous plaindrons uns aux autres. Mais en r\u00e9alit\u00e9 nous sommes invit\u00e9s \u00e0 accepter la volont\u00e9 de Dieu et \u00e0 chercher, \u00e0 mettre en pratique tous ses commandements.<\/p>\n<p><strong>Par les pri\u00e8res de saint pr\u00eatre Zacharie et juste Elizabeth, dont nous faisons m\u00e9moire, que Dieu nous aide \u00e0 accomplir notre vie dans la paix spirituelle et le repentir. Amen.<\/strong><\/p>\n<p><em>Hom\u00e9lie prononc\u00e9 par <strong>l\u2019hi\u00e9romoine Joseph (Pavlinciuc)<\/strong> le dimanche du <strong>18 septembre 2011,<\/strong> \u00e0 la <strong>paroisse de la Protection-de-la-M\u00e8re-de-Dieu de Lyon<\/strong><\/em><\/p>","protected":false},"excerpt":{"rendered":"<p>Au nom du P\u00e8re, du Fils et du Saint-Esprit. Aujourd\u2019hui l\u2019Eglise comm\u00e9more la f\u00eate des saints Zacharie et Elisabeth. L\u2019Evang\u00e9liste Luc nous donne une image claire et significative de ces deux personnages. Zacharie \u00e9tait un pr\u00eatre et sa femme fut originaire d\u2019une famille sacerdotale.<\/p>\n","protected":false},"author":1,"featured_media":0,"comment_status":"closed","ping_status":"closed","sticky":false,"template":"","format":"standard","meta":{"_jetpack_memberships_contains_paid_content":false,"footnotes":""},"categories":[11,10],"tags":[],"class_list":["post-1964","post","type-post","status-publish","format-standard","hentry","category-noutati","category-predici"],"jetpack_featured_media_url":"","jetpack_shortlink":"https:\/\/wp.me\/p2NLBd-vG","jetpack_sharing_enabled":true,"_links":{"self":[{"href":"https:\/\/www.ortodoxmd.eu\/fr\/wp-json\/wp\/v2\/posts\/1964","targetHints":{"allow":["GET"]}}],"collection":[{"href":"https:\/\/www.ortodoxmd.eu\/fr\/wp-json\/wp\/v2\/posts"}],"about":[{"href":"https:\/\/www.ortodoxmd.eu\/fr\/wp-json\/wp\/v2\/types\/post"}],"author":[{"embeddable":true,"href":"https:\/\/www.ortodoxmd.eu\/fr\/wp-json\/wp\/v2\/users\/1"}],"replies":[{"embeddable":true,"href":"https:\/\/www.ortodoxmd.eu\/fr\/wp-json\/wp\/v2\/comments?post=1964"}],"version-history":[{"count":11,"href":"https:\/\/www.ortodoxmd.eu\/fr\/wp-json\/wp\/v2\/posts\/1964\/revisions"}],"predecessor-version":[{"id":5907,"href":"https:\/\/www.ortodoxmd.eu\/fr\/wp-json\/wp\/v2\/posts\/1964\/revisions\/5907"}],"wp:attachment":[{"href":"https:\/\/www.ortodoxmd.eu\/fr\/wp-json\/wp\/v2\/media?parent=1964"}],"wp:term":[{"taxonomy":"category","embeddable":true,"href":"https:\/\/www.ortodoxmd.eu\/fr\/wp-json\/wp\/v2\/categories?post=1964"},{"taxonomy":"post_tag","embeddable":true,"href":"https:\/\/www.ortodoxmd.eu\/fr\/wp-json\/wp\/v2\/tags?post=1964"}],"curies":[{"name":"wp","href":"https:\/\/api.w.org\/{rel}","templated":true}]}}