{"id":2273,"date":"2011-12-22T03:04:21","date_gmt":"2011-12-22T01:04:21","guid":{"rendered":"http:\/\/www.ortodoxmd.eu\/?p=2273"},"modified":"2015-09-25T15:48:27","modified_gmt":"2015-09-25T13:48:27","slug":"colinda-5","status":"publish","type":"post","link":"https:\/\/www.ortodoxmd.eu\/fr\/colinda-5\/","title":{"rendered":"Noi in seara de Craciun"},"content":{"rendered":"<p>Noi \u00een seara de Cr\u0103ciun<br \/>\nL\u0103ud\u0103m pe cel mai bun<\/p>\n<p>Colind\u0103m cu glas duios<br \/>\nDomnului Iisus Hristos<\/p>\n<p>Care-n lume a venit<br \/>\n\u015ei pe noi ne-a m\u00eentuit<\/p>\n<p>El de-al nostru mare drag<br \/>\nA p\u0103\u015fit Cerescul prag<\/p>\n<p>\u015ei-a l\u0103sat frumosul rai<br \/>\n\u015ei-a venit pe al nostru plai<\/p>\n<p>\u015ei-a luat asupra Lui<br \/>\nTot p\u0103catul omului<\/p>\n<p>De aceea c\u00eend sose\u015fte<br \/>\nNime-n lume nu-L prime\u015fte<\/p>\n<p>Iat\u0103 cum din poart\u0103-n poart\u0103<br \/>\nMaica Sf\u00eent\u0103-n s\u00een \u00cel poart\u0103<\/p>\n<p>\u015ei tot cat\u0103 un locu\u015for<br \/>\nPentru scumpul Ei odor<\/p>\n<p>\u015ei \u00cei cat\u0103 un leg\u0103na\u015f<br \/>\nPentru scumpul \u00cengera\u015f<\/p>\n<p>Vrea s\u0103-L culce-n loc curat<br \/>\nC\u0103-i cerescul \u00cemp\u0103rat<\/p>\n<p>\u015ei-n c\u0103ldur\u0103 vrea s\u0103-L culce<br \/>\nC\u0103 e Fiul ei prea dulce<\/p>\n<p>\u00cens\u0103 nimeni nu se-ndur\u0103<br \/>\nS\u0103-i primeasc\u0103 la c\u0103ldur\u0103<br \/>\nVine noaptea de acum<br \/>\n\u015ei M\u0103icu\u0163a-i tot \u00een drum<\/p>\n<p>V\u00eentul bate \u015fi-o p\u0103trunde<br \/>\nS-ar ascunde n-are unde<\/p>\n<p>V\u00eentul tot mai rece bate<br \/>\nInimoara i-o str\u0103bate<\/p>\n<p>Tat\u0103-L Sf\u00eent s-a \u00eendurat<br \/>\n\u015ei-o pe\u015fter\u0103 lor le-a dat<\/p>\n<p>\u015ei aolo s-a n\u0103scut<br \/>\nCel ce n-are \u00eenceput<\/p>\n<p>\u015ei c\u00eend Na\u015fte Maica Sf\u00eent\u0103<br \/>\n\u00cengerii frumos \u00eei c\u00eent\u0103<\/p>\n<p>S\u0103-i c\u00eent\u0103m \u015fi noi duios<br \/>\nCa \u015fi Domnului Hristos<\/p>\n<p>S\u0103-i iubim pe am\u00eendoi<br \/>\nC\u0103 ne-au scos din mari nevoi<\/p>\n<p>\u015ei sper\u0103m \u015fi mult dorim\u00a0 \u2028Sus \u00een cer s\u0103 ne-nt\u00eelnim<\/p>\n<p>\u015ei cu d\u00een\u015fii ca s\u0103 fiu<br \/>\nTotdeauna-n veci\u00a0 AMIN.<\/p>\n","protected":false},"excerpt":{"rendered":"<p class=\"qtranxs-available-languages-message qtranxs-available-languages-message-fr\">D\u00e9sol\u00e9, cet article est seulement disponible en <a href=\"https:\/\/www.ortodoxmd.eu\/ro\/wp-json\/wp\/v2\/posts\/2273\" class=\"qtranxs-available-language-link qtranxs-available-language-link-ro\" title=\"Rom\u00e2n\u0103\">Rom\u00e2n\u0103<\/a>.<\/p>\n","protected":false},"author":1,"featured_media":0,"comment_status":"closed","ping_status":"closed","sticky":false,"template":"","format":"standard","meta":{"_jetpack_memberships_contains_paid_content":false,"footnotes":""},"categories":[14,6],"tags":[],"class_list":["post-2273","post","type-post","status-publish","format-standard","hentry","category-colinde","category-rugaciuni"],"jetpack_featured_media_url":"","jetpack_shortlink":"https:\/\/wp.me\/p2NLBd-AF","jetpack_sharing_enabled":true,"_links":{"self":[{"href":"https:\/\/www.ortodoxmd.eu\/fr\/wp-json\/wp\/v2\/posts\/2273","targetHints":{"allow":["GET"]}}],"collection":[{"href":"https:\/\/www.ortodoxmd.eu\/fr\/wp-json\/wp\/v2\/posts"}],"about":[{"href":"https:\/\/www.ortodoxmd.eu\/fr\/wp-json\/wp\/v2\/types\/post"}],"author":[{"embeddable":true,"href":"https:\/\/www.ortodoxmd.eu\/fr\/wp-json\/wp\/v2\/users\/1"}],"replies":[{"embeddable":true,"href":"https:\/\/www.ortodoxmd.eu\/fr\/wp-json\/wp\/v2\/comments?post=2273"}],"version-history":[{"count":3,"href":"https:\/\/www.ortodoxmd.eu\/fr\/wp-json\/wp\/v2\/posts\/2273\/revisions"}],"predecessor-version":[{"id":5870,"href":"https:\/\/www.ortodoxmd.eu\/fr\/wp-json\/wp\/v2\/posts\/2273\/revisions\/5870"}],"wp:attachment":[{"href":"https:\/\/www.ortodoxmd.eu\/fr\/wp-json\/wp\/v2\/media?parent=2273"}],"wp:term":[{"taxonomy":"category","embeddable":true,"href":"https:\/\/www.ortodoxmd.eu\/fr\/wp-json\/wp\/v2\/categories?post=2273"},{"taxonomy":"post_tag","embeddable":true,"href":"https:\/\/www.ortodoxmd.eu\/fr\/wp-json\/wp\/v2\/tags?post=2273"}],"curies":[{"name":"wp","href":"https:\/\/api.w.org\/{rel}","templated":true}]}}