{"id":2490,"date":"2012-02-07T10:52:46","date_gmt":"2012-02-07T08:52:46","guid":{"rendered":"http:\/\/www.ortodoxmd.eu\/?p=2490"},"modified":"2015-09-25T15:48:27","modified_gmt":"2015-09-25T13:48:27","slug":"zilele-cartii-ortodoxe-in-franta-17-si-18-februarie-2012","status":"publish","type":"post","link":"https:\/\/www.ortodoxmd.eu\/fr\/zilele-cartii-ortodoxe-in-franta-17-si-18-februarie-2012\/","title":{"rendered":"Les Journ\u00e9es du livre orthodoxe en France:  17 et 18 f\u00e9vrier"},"content":{"rendered":"<p><strong>Les premi\u00e8res journ\u00e9es du livre orthodoxe en France auront lieu \u00e0 Paris les 17 et 18 f\u00e9vrier (au 277, rue Saint-Jacques, Paris 5e). Organis\u00e9 par Orthodoxie.com, sous le haut patronage de l&rsquo;Assembl\u00e9e des \u00e9v\u00eaques orthodoxes de France, cet \u00e9v\u00e8nement a pour partenaires les \u00e9ditions du Cerf, la Mutuelle Saint-Christophe assurances, l&rsquo;hebdomadaire La Vie et la librairie La Procure.<\/strong><\/p>\n<p>Stands de livres et de revues, d\u00e9dicaces, tables rondes, conf\u00e9rences, concerts, projections, diverses animations manifesteront la pr\u00e9sence active de l\u2019orthodoxie en France dans sa richesse et sa diversit\u00e9. Des maisons d\u2019\u00e9dition d\u2019autres pays d\u2019Europe y participeront ou seront repr\u00e9sent\u00e9es. Des personnalit\u00e9s de renom, des auteurs et des centaines de personnes sont attendues et nous feront l\u2019honneur de leur pr\u00e9sence.<\/p>\n<p>Les deux invit\u00e9s d&rsquo;honneur seront le m\u00e9tropolite Hilarion de Volokolamsk, pr\u00e9sident du d\u00e9partement des relations eccl\u00e9siastiques ext\u00e9rieures du Patriarcat de Moscou et l&rsquo;hi\u00e9romoine Macaire du monast\u00e8re Simonos Petras au Mont-Athos.<\/p>\n<p>Actuellement, l\u2019\u00c9glise orthodoxe est solidement implant\u00e9e en France. Plus d\u2019un demi-million de personnes s\u2019y rattache. Il existe environ 250 lieux de culte, dont une vingtaine de monast\u00e8res et ermitages. Leur nombre est en croissance. Les \u00e9v\u00eaques de toutes les juridictions canoniques coop\u00e8rent au sein de l\u2019Assembl\u00e9e des \u00e9v\u00eaques orthodoxes de France, instance repr\u00e9sentative de l\u2019ensemble de l\u2019\u00c9glise orthodoxe en France aupr\u00e8s des autorit\u00e9s politiques.<\/p>\n<p><strong>Le programme avec la liste des auteurs et des informations pratiques, peut \u00eatre consult\u00e9 et t\u00e9l\u00e9charg\u00e9 en cliquant <a href=\"http:\/\/orthodoxie.typepad.com\/Fichiers_2\/PROGRAMME_JOURNEES.pdf\">ici<\/a>.<\/strong><\/p>\n<p>Autres documents:<strong> l&rsquo;affiche (au format <a href=\"http:\/\/orthodoxie.typepad.com\/PDF\/Affiche.pdf\">pdf<\/a> et <a href=\" http:\/\/orthodoxie.typepad.com\/PDF\/Affiche.jpg\">jpg<\/a>), le <a href=\"http:\/\/orthodoxie.typepad.com\/Fichiers_2\/Comm._1.pdf\">communiqu\u00e9 de presse<\/a>, \u00e9galement disponible en anglais (<a href=\"http:\/\/orthodoxie.typepad.com\/Fichiers_2\/Press%20release_orthodox_book_festival.pdf\">in english<\/a>), en russe (<a href=\"http:\/\/orthodoxie.typepad.com\/Fichiers_2\/communique_russe.pdf\">\u041f\u043e-\u0440\u0443\u0441\u0441\u043a\u0438<\/a>) et en roumain (<a href=\"http:\/\/orthodoxie.typepad.com\/Fichiers_2\/Com_roumain.pdf\">\u00een limba rom\u00e2n\u0103<\/a>).<\/strong><\/p>","protected":false},"excerpt":{"rendered":"<p>Les premi\u00e8res journ\u00e9es du livre orthodoxe en France auront lieu \u00e0 Paris les 17 et 18 f\u00e9vrier (au 277, rue Saint-Jacques, Paris 5e). Organis\u00e9 par Orthodoxie.com, sous le haut patronage de l&rsquo;Assembl\u00e9e des \u00e9v\u00eaques orthodoxes de France, cet \u00e9v\u00e8nement a pour partenaires les \u00e9ditions du Cerf, la Mutuelle Saint-Christophe assurances, l&rsquo;hebdomadaire La Vie et la librairie La Procure.<\/p>\n","protected":false},"author":1,"featured_media":2491,"comment_status":"closed","ping_status":"closed","sticky":false,"template":"","format":"standard","meta":{"_jetpack_memberships_contains_paid_content":false,"footnotes":""},"categories":[1,11,5],"tags":[],"class_list":["post-2490","post","type-post","status-publish","format-standard","has-post-thumbnail","hentry","category-anunturi","category-noutati","category-stiri"],"jetpack_featured_media_url":"https:\/\/i0.wp.com\/www.ortodoxmd.eu\/wp-content\/uploads\/2012\/02\/Livre-orthodoxe.jpg?fit=150%2C160&ssl=1","jetpack_shortlink":"https:\/\/wp.me\/p2NLBd-Ea","jetpack_sharing_enabled":true,"_links":{"self":[{"href":"https:\/\/www.ortodoxmd.eu\/fr\/wp-json\/wp\/v2\/posts\/2490","targetHints":{"allow":["GET"]}}],"collection":[{"href":"https:\/\/www.ortodoxmd.eu\/fr\/wp-json\/wp\/v2\/posts"}],"about":[{"href":"https:\/\/www.ortodoxmd.eu\/fr\/wp-json\/wp\/v2\/types\/post"}],"author":[{"embeddable":true,"href":"https:\/\/www.ortodoxmd.eu\/fr\/wp-json\/wp\/v2\/users\/1"}],"replies":[{"embeddable":true,"href":"https:\/\/www.ortodoxmd.eu\/fr\/wp-json\/wp\/v2\/comments?post=2490"}],"version-history":[{"count":5,"href":"https:\/\/www.ortodoxmd.eu\/fr\/wp-json\/wp\/v2\/posts\/2490\/revisions"}],"predecessor-version":[{"id":2493,"href":"https:\/\/www.ortodoxmd.eu\/fr\/wp-json\/wp\/v2\/posts\/2490\/revisions\/2493"}],"wp:featuredmedia":[{"embeddable":true,"href":"https:\/\/www.ortodoxmd.eu\/fr\/wp-json\/wp\/v2\/media\/2491"}],"wp:attachment":[{"href":"https:\/\/www.ortodoxmd.eu\/fr\/wp-json\/wp\/v2\/media?parent=2490"}],"wp:term":[{"taxonomy":"category","embeddable":true,"href":"https:\/\/www.ortodoxmd.eu\/fr\/wp-json\/wp\/v2\/categories?post=2490"},{"taxonomy":"post_tag","embeddable":true,"href":"https:\/\/www.ortodoxmd.eu\/fr\/wp-json\/wp\/v2\/tags?post=2490"}],"curies":[{"name":"wp","href":"https:\/\/api.w.org\/{rel}","templated":true}]}}