{"id":2840,"date":"2012-05-04T15:22:07","date_gmt":"2012-05-04T13:22:07","guid":{"rendered":"http:\/\/www.ortodoxmd.eu\/?p=2840"},"modified":"2015-09-25T15:18:04","modified_gmt":"2015-09-25T13:18:04","slug":"simbata-5-mai-rinduiala-botezului-sfinta-si-dumnezeiasca-liturghie-la-vanves","status":"publish","type":"post","link":"https:\/\/www.ortodoxmd.eu\/fr\/simbata-5-mai-rinduiala-botezului-sfinta-si-dumnezeiasca-liturghie-la-vanves\/","title":{"rendered":"(Rom\u00e2n\u0103) S\u00eemb\u0103t\u0103, 5 mai: R\u00eenduiala Botezului &#8211; Sf\u00eenta \u015fi Dumnezeiasca Liturghie la Vanves"},"content":{"rendered":"<p><\/p>\n<div><em><strong>Iubi\u0163i \u00eentru Hristos p\u0103rin\u0163i, fra\u0163i \u015fi surori,<\/strong><\/em><\/div>\n<div><\/div>\n<div><span style=\"color: #ff0000;\"><strong>Hristos a \u00cenviat!<\/strong><\/span><\/div>\n<div><\/div>\n<div><strong>S\u00e2mb\u0103t\u0103,\u00a0<span style=\"color: #ff0000;\">5 mai<\/span>, biserica face pomenirea sf. cuv. Teodor Sicheot, episcopul de Anastasiupoli (+613).<\/strong><\/div>\n<div><\/div>\n<div>\u00cen aceast\u0103 zi,\u00a0<strong>r\u00eenduiala Botezului<\/strong>, precum \u015fi\u00a0<strong>Sf\u00e2nta \u015fi Dumnezeiasca Liturghie<\/strong>\u00a0vor fi oficiate la\u00a0<strong>biserica Sfin\u0163ilor noi Martiri \u015fi M\u0103rturisitori din Vanves.<\/strong><\/div>\n<div><\/div>\n<div><strong>Slujba se va \u00eencepe ca de obicei la ora<span style=\"color: #ff0000;\">\u00a08.30<\/span>.<\/strong><\/div>\n<div><\/div>\n<div>Dup\u0103 Liturghie to\u0163i sunt invita\u0163i s\u0103 participe la agapa fr\u0103\u0163easc\u0103, preg\u0103tit\u0103 de enoria\u015fii comunit\u0103\u0163ii, precum \u015fi de p\u0103rin\u0163ii celor boteza\u0163i.<\/div>\n<div><\/div>\n<div>Adresa bisericii r\u0103m\u00e2ne aceea\u015fi:<\/div>\n<div><strong>16, rue Michel-Ange \u2013 92170 Vanves.<\/strong><\/div>\n<div>Metro:\u00a0<strong>Porte de Versailles<\/strong>\u00a0sau\u00a0<strong>Malakoff Plateau de Vanves<\/strong>.<\/div>\n<div><\/div>\n<div>V\u0103 mul\u0163umim pentru colaborare.<\/div>\n<div><\/div>\n<div>Pe to\u0163i v\u0103 a\u015ftept\u0103m la aceast\u0103 slujb\u0103.<\/div>\n<div><\/div>\n<div><em><strong>Cu drag ai vo\u015ftri ieromonahi, Iosif \u015fi Nicodim.<\/strong><\/em><\/div>\n<div><em><strong>Iubi\u0163i \u00eentru Hristos p\u0103rin\u0163i, fra\u0163i \u015fi surori,<\/strong><\/em><\/div>\n<div><\/div>\n<div><span style=\"color: #ff0000;\"><strong>Hristos a \u00cenviat!<\/strong><\/span><\/div>\n<div><\/div>\n<div><strong>S\u00e2mb\u0103t\u0103,\u00a0<span style=\"color: #ff0000;\">5 mai<\/span>, biserica face pomenirea sf. cuv. Teodor Sicheot, episcopul de Anastasiupoli (+613).<\/strong><\/div>\n<div><\/div>\n<div>\u00cen aceast\u0103 zi,\u00a0<strong>r\u00eenduiala Botezului<\/strong>, precum \u015fi\u00a0<strong>Sf\u00e2nta \u015fi Dumnezeiasca Liturghie<\/strong>\u00a0vor fi oficiate la\u00a0<strong>biserica Sfin\u0163ilor noi Martiri \u015fi M\u0103rturisitori din Vanves.<\/strong><\/div>\n<div><\/div>\n<div><strong>Slujba se va \u00eencepe ca de obicei la ora<span style=\"color: #ff0000;\">\u00a08.30<\/span>.<\/strong><\/div>\n<div><\/div>\n<div>Dup\u0103 Liturghie to\u0163i sunt invita\u0163i s\u0103 participe la agapa fr\u0103\u0163easc\u0103, preg\u0103tit\u0103 de enoria\u015fii comunit\u0103\u0163ii, precum \u015fi de p\u0103rin\u0163ii celor boteza\u0163i.<\/div>\n<div><\/div>\n<div>Adresa bisericii r\u0103m\u00e2ne aceea\u015fi:<\/div>\n<div><strong>16, rue Michel-Ange \u2013 92170 Vanves.<\/strong><\/div>\n<div>Metro:\u00a0<strong>Porte de Versailles<\/strong>\u00a0sau\u00a0<strong>Malakoff Plateau de Vanves<\/strong>.<\/div>\n<div><\/div>\n<div>V\u0103 mul\u0163umim pentru colaborare.<\/div>\n<div><\/div>\n<div>Pe to\u0163i v\u0103 a\u015ftept\u0103m la aceast\u0103 slujb\u0103.<\/div>\n<div><\/div>\n<div><em><strong>Cu drag ai vo\u015ftri ieromonahi, Iosif \u015fi Nicodim.<\/strong><\/em><\/div>\n<div><em><strong>Iubi\u0163i \u00eentru Hristos p\u0103rin\u0163i, fra\u0163i \u015fi surori,<\/strong><\/em><\/div>\n<div><\/div>\n<div><span style=\"color: #ff0000;\"><strong>Hristos a \u00cenviat!<\/strong><\/span><\/div>\n<div><\/div>\n<div><strong>S\u00e2mb\u0103t\u0103,\u00a0<span style=\"color: #ff0000;\">5 mai<\/span>, biserica face pomenirea sf. cuv. Teodor Sicheot, episcopul de Anastasiupoli (+613).<\/strong><\/div>\n<div><\/div>\n<div>\u00cen aceast\u0103 zi,\u00a0<strong>r\u00eenduiala Botezului<\/strong>, precum \u015fi\u00a0<strong>Sf\u00e2nta \u015fi Dumnezeiasca Liturghie<\/strong>\u00a0vor fi oficiate la\u00a0<strong>biserica Sfin\u0163ilor noi Martiri \u015fi M\u0103rturisitori din Vanves.<\/strong><\/div>\n<div><\/div>\n<div><strong>Slujba se va \u00eencepe ca de obicei la ora<span style=\"color: #ff0000;\">\u00a08.30<\/span>.<\/strong><\/div>\n<div><\/div>\n<div>Dup\u0103 Liturghie to\u0163i sunt invita\u0163i s\u0103 participe la agapa fr\u0103\u0163easc\u0103, preg\u0103tit\u0103 de enoria\u015fii comunit\u0103\u0163ii, precum \u015fi de p\u0103rin\u0163ii celor boteza\u0163i.<\/div>\n<div><\/div>\n<div>Adresa bisericii r\u0103m\u00e2ne aceea\u015fi:<\/div>\n<div><strong>16, rue Michel-Ange \u2013 92170 Vanves.<\/strong><\/div>\n<div>Metro:\u00a0<strong>Porte de Versailles<\/strong>\u00a0sau\u00a0<strong>Malakoff Plateau de Vanves<\/strong>.<\/div>\n<div><\/div>\n<div>V\u0103 mul\u0163umim pentru colaborare.<\/div>\n<div><\/div>\n<div>Pe to\u0163i v\u0103 a\u015ftept\u0103m la aceast\u0103 slujb\u0103.<\/div>\n<div><\/div>\n<div><em><strong>Cu drag ai vo\u015ftri ieromonahi, Iosif \u015fi Nicodim.<\/strong><\/em><\/div>\n<div><em><strong>Iubi\u0163i \u00eentru Hristos p\u0103rin\u0163i, fra\u0163i \u015fi surori,<\/strong><\/em><\/div>\n<div><\/div>\n<div><span style=\"color: #ff0000;\"><strong>Hristos a \u00cenviat!<\/strong><\/span><\/div>\n<div><\/div>\n<div><strong>S\u00e2mb\u0103t\u0103,\u00a0<span style=\"color: #ff0000;\">5 mai<\/span>, biserica face pomenirea sf. cuv. Teodor Sicheot, episcopul de Anastasiupoli (+613).<\/strong><\/div>\n<div><\/div>\n<div>\u00cen aceast\u0103 zi,\u00a0<strong>r\u00eenduiala Botezului<\/strong>, precum \u015fi\u00a0<strong>Sf\u00e2nta \u015fi Dumnezeiasca Liturghie<\/strong>\u00a0vor fi oficiate la\u00a0<strong>biserica Sfin\u0163ilor noi Martiri \u015fi M\u0103rturisitori din Vanves.<\/strong><\/div>\n<div><\/div>\n<div><strong>Slujba se va \u00eencepe ca de obicei la ora<span style=\"color: #ff0000;\">\u00a08.30<\/span>.<\/strong><\/div>\n<div><\/div>\n<div>Dup\u0103 Liturghie to\u0163i sunt invita\u0163i s\u0103 participe la agapa fr\u0103\u0163easc\u0103, preg\u0103tit\u0103 de enoria\u015fii comunit\u0103\u0163ii, precum \u015fi de p\u0103rin\u0163ii celor boteza\u0163i.<\/div>\n<div><\/div>\n<div>Adresa bisericii r\u0103m\u00e2ne aceea\u015fi:<\/div>\n<div><strong>16, rue Michel-Ange \u2013 92170 Vanves.<\/strong><\/div>\n<div>Metro:\u00a0<strong>Porte de Versailles<\/strong>\u00a0sau\u00a0<strong>Malakoff Plateau de Vanves<\/strong>.<\/div>\n<div><\/div>\n<div>V\u0103 mul\u0163umim pentru colaborare.<\/div>\n<div><\/div>\n<div>Pe to\u0163i v\u0103 a\u015ftept\u0103m la aceast\u0103 slujb\u0103.<\/div>\n<div><\/div>\n<div><em><strong>Cu drag ai vo\u015ftri ieromonahi, Iosif \u015fi Nicodim.<\/strong><\/em><\/div>\n<p><\/p>","protected":false},"excerpt":{"rendered":"<p class=\"qtranxs-available-languages-message qtranxs-available-languages-message-fr\">D\u00e9sol\u00e9, cet article est seulement disponible en <a href=\"https:\/\/www.ortodoxmd.eu\/ro\/wp-json\/wp\/v2\/posts\/2840\" class=\"qtranxs-available-language-link qtranxs-available-language-link-ro\" title=\"Rom\u00e2n\u0103\">Rom\u00e2n\u0103<\/a>.<\/p>\n","protected":false},"author":1,"featured_media":679,"comment_status":"closed","ping_status":"closed","sticky":false,"template":"","format":"standard","meta":{"_jetpack_memberships_contains_paid_content":false,"footnotes":""},"categories":[1,11,5],"tags":[],"class_list":["post-2840","post","type-post","status-publish","format-standard","has-post-thumbnail","hentry","category-anunturi","category-noutati","category-stiri"],"jetpack_featured_media_url":"https:\/\/i0.wp.com\/www.ortodoxmd.eu\/wp-content\/uploads\/2011\/04\/Vanves-11.jpg?fit=600%2C400&ssl=1","jetpack_shortlink":"https:\/\/wp.me\/p2NLBd-JO","jetpack_sharing_enabled":true,"_links":{"self":[{"href":"https:\/\/www.ortodoxmd.eu\/fr\/wp-json\/wp\/v2\/posts\/2840","targetHints":{"allow":["GET"]}}],"collection":[{"href":"https:\/\/www.ortodoxmd.eu\/fr\/wp-json\/wp\/v2\/posts"}],"about":[{"href":"https:\/\/www.ortodoxmd.eu\/fr\/wp-json\/wp\/v2\/types\/post"}],"author":[{"embeddable":true,"href":"https:\/\/www.ortodoxmd.eu\/fr\/wp-json\/wp\/v2\/users\/1"}],"replies":[{"embeddable":true,"href":"https:\/\/www.ortodoxmd.eu\/fr\/wp-json\/wp\/v2\/comments?post=2840"}],"version-history":[{"count":5,"href":"https:\/\/www.ortodoxmd.eu\/fr\/wp-json\/wp\/v2\/posts\/2840\/revisions"}],"predecessor-version":[{"id":5820,"href":"https:\/\/www.ortodoxmd.eu\/fr\/wp-json\/wp\/v2\/posts\/2840\/revisions\/5820"}],"wp:featuredmedia":[{"embeddable":true,"href":"https:\/\/www.ortodoxmd.eu\/fr\/wp-json\/wp\/v2\/media\/679"}],"wp:attachment":[{"href":"https:\/\/www.ortodoxmd.eu\/fr\/wp-json\/wp\/v2\/media?parent=2840"}],"wp:term":[{"taxonomy":"category","embeddable":true,"href":"https:\/\/www.ortodoxmd.eu\/fr\/wp-json\/wp\/v2\/categories?post=2840"},{"taxonomy":"post_tag","embeddable":true,"href":"https:\/\/www.ortodoxmd.eu\/fr\/wp-json\/wp\/v2\/tags?post=2840"}],"curies":[{"name":"wp","href":"https:\/\/api.w.org\/{rel}","templated":true}]}}