{"id":2917,"date":"2012-05-31T12:38:19","date_gmt":"2012-05-31T10:38:19","guid":{"rendered":"http:\/\/www.ortodoxmd.eu\/?p=2917"},"modified":"2015-09-25T15:18:03","modified_gmt":"2015-09-25T13:18:03","slug":"episcopul-nestor-de-corsun-a-participat-la-congresul-fraternitatii-ortodoxe-in-europa-occidentala","status":"publish","type":"post","link":"https:\/\/www.ortodoxmd.eu\/fr\/episcopul-nestor-de-corsun-a-participat-la-congresul-fraternitatii-ortodoxe-in-europa-occidentala\/","title":{"rendered":"L&rsquo;\u00e9v\u00eaque Nestor de Cherson\u00e8se a particip\u00e9 au congr\u00e8s de la Fraternit\u00e9 orthodoxe en Europe occidentale"},"content":{"rendered":"<p><strong>L&rsquo;\u00e9v\u00eaque Nestor de Cherson\u00e8se a particip\u00e9 au XIVe congr\u00e8s de la Fraternit\u00e9 orthodoxe en Europe occidentale qui s&rsquo;est d\u00e9roul\u00e9 du 25 au 28 mai 2012 \u00e0 Strasbourg. Ce congr\u00e8s, r\u00e9uni \u00e0 la b\u00e9n\u00e9diction de l&rsquo;Assembl\u00e9e des \u00e9v\u00eaques orthodoxes en France, avait pour th\u00e8me \u00ab\u00a0La V\u00e9rit\u00e9 vous rendra libres\u00a0\u00bb.<\/strong><\/p>\n<p>Le dimanche 27 mai, une divine liturgie a \u00e9t\u00e9 c\u00e9l\u00e9br\u00e9e \u00e0 l&rsquo;\u00e9glise Saint-Thomas de Strasbourg. Mgr Nestor l&rsquo;a conc\u00e9l\u00e9br\u00e9e aux c\u00f4t\u00e9s du m\u00e9tropolite Emmanuel de France (patriarcat de Constantinople) et de l&rsquo;\u00e9v\u00eaque Ath\u00e9nagoras de Sinope (m\u00e9tropole en Belgique du patriarcat de Constantinople).<\/p>\n<p>Mgr Nestor \u00e9tait accompagn\u00e9 du diacre Nicoas Rehbinder et de deux s\u00e9minaristes du S\u00e9minaire orthodoxe russe d&rsquo;Epinay-sous-S\u00e9nart, Anton Sidenko et Ivan Dimitrov.<\/p>","protected":false},"excerpt":{"rendered":"<p>L&rsquo;\u00e9v\u00eaque Nestor de Cherson\u00e8se a particip\u00e9 au XIVe congr\u00e8s de la Fraternit\u00e9 orthodoxe en Europe occidentale qui s&rsquo;est d\u00e9roul\u00e9 du 25 au 28 mai 2012 \u00e0 Strasbourg.<\/p>\n","protected":false},"author":1,"featured_media":0,"comment_status":"closed","ping_status":"closed","sticky":false,"template":"","format":"standard","meta":{"_jetpack_memberships_contains_paid_content":false,"footnotes":""},"categories":[11,5],"tags":[],"class_list":["post-2917","post","type-post","status-publish","format-standard","hentry","category-noutati","category-stiri"],"jetpack_featured_media_url":"","jetpack_shortlink":"https:\/\/wp.me\/p2NLBd-L3","jetpack_sharing_enabled":true,"_links":{"self":[{"href":"https:\/\/www.ortodoxmd.eu\/fr\/wp-json\/wp\/v2\/posts\/2917","targetHints":{"allow":["GET"]}}],"collection":[{"href":"https:\/\/www.ortodoxmd.eu\/fr\/wp-json\/wp\/v2\/posts"}],"about":[{"href":"https:\/\/www.ortodoxmd.eu\/fr\/wp-json\/wp\/v2\/types\/post"}],"author":[{"embeddable":true,"href":"https:\/\/www.ortodoxmd.eu\/fr\/wp-json\/wp\/v2\/users\/1"}],"replies":[{"embeddable":true,"href":"https:\/\/www.ortodoxmd.eu\/fr\/wp-json\/wp\/v2\/comments?post=2917"}],"version-history":[{"count":3,"href":"https:\/\/www.ortodoxmd.eu\/fr\/wp-json\/wp\/v2\/posts\/2917\/revisions"}],"predecessor-version":[{"id":5807,"href":"https:\/\/www.ortodoxmd.eu\/fr\/wp-json\/wp\/v2\/posts\/2917\/revisions\/5807"}],"wp:attachment":[{"href":"https:\/\/www.ortodoxmd.eu\/fr\/wp-json\/wp\/v2\/media?parent=2917"}],"wp:term":[{"taxonomy":"category","embeddable":true,"href":"https:\/\/www.ortodoxmd.eu\/fr\/wp-json\/wp\/v2\/categories?post=2917"},{"taxonomy":"post_tag","embeddable":true,"href":"https:\/\/www.ortodoxmd.eu\/fr\/wp-json\/wp\/v2\/tags?post=2917"}],"curies":[{"name":"wp","href":"https:\/\/api.w.org\/{rel}","templated":true}]}}