{"id":3429,"date":"2012-11-12T12:36:05","date_gmt":"2012-11-12T10:36:05","guid":{"rendered":"http:\/\/www.ortodoxmd.eu\/?p=3429"},"modified":"2015-09-25T12:57:12","modified_gmt":"2015-09-25T10:57:12","slug":"sfintirea-parohiei-interioare-a-seminarului-ortodox-din-paris-va-avea-loc-pe-14-noiembrie","status":"publish","type":"post","link":"https:\/\/www.ortodoxmd.eu\/fr\/sfintirea-parohiei-interioare-a-seminarului-ortodox-din-paris-va-avea-loc-pe-14-noiembrie\/","title":{"rendered":"La chapelle int\u00e9rieure du S\u00e9minaire orthodoxe \u00e0 Epinay-sous-S\u00e9nart sera inaugur\u00e9e le 14 novembre prochain"},"content":{"rendered":"<p><\/p>\n<p><strong>La cons\u00e9cration solennelle de la chapelle int\u00e9rieure du\u00a0<a href=\"http:\/\/www.seminaria.fr\/\">S\u00e9minaire orthodoxe russe<\/a>\u00a0\u00e0 Epinay-sous-S\u00e9nart, d\u00e9di\u00e9e \u00e0 saint Martin et sainte Genevi\u00e8ve, aura lieu le 14 novembre 2012. Cette c\u00e9l\u00e9bration intervient apr\u00e8s deux ann\u00e9es de travaux dans la chapelle, d\u00e9sormais d\u00e9cor\u00e9e de fresques sur les murs et le plafond, ainsi que d&rsquo;une grande et belle iconostase. Ce jour-l\u00e0 le s\u00e9minaire c\u00e9l\u00e9br\u00e9ra \u00e9galement trois ans depuis son inauguration.<\/strong><\/p>\n<p>A cette occasion, l&rsquo;archev\u00eaque Marc d&rsquo;Egorievsk, auxiliaire du patriarche de Moscou, responsable des \u00e9tablissements du patriarcat de Moscou \u00e0 l&rsquo;\u00e9tranger, pr\u00e9sidera la cons\u00e9cration de la chapelle refaite. La c\u00e9l\u00e9bration commencera \u00e0 10 h et sera suivie d&rsquo;une divine liturgie. Mgr Marc sera entour\u00e9 de plusieurs \u00e9v\u00eaques, notamment des r\u00e9cteurs de trois academies th\u00e9ologique de l&rsquo;Eglise orthodoxe russe : Mgr Eug\u00e8ne, archev\u00eaque de V\u00e9r\u00e9ia, recteur de l&rsquo;acad\u00e9mie de th\u00e9ologie de Moscou, Mgr Antoine, archev\u00eaque de Borispol, recteur de l&rsquo;acad\u00e9mie de th\u00e9ologie de Kiev, et Mgr Ambroise, \u00e9v\u00eaque de Gatchina, recteur de l&rsquo;acad\u00e9mie de th\u00e9ologie de Saint-P\u00e9tersbourg, ainsi que de Mgr Nestor, \u00eaveque de Cherson\u00e8se, chancelier du s\u00e9minaire.<\/p>\n<p>Apr\u00e8s la liturgie, dans la salle de conf\u00e9rence (sous la chapelle) une r\u00e9ception r\u00e9unira tous les invit\u00e9s, les s\u00e9minaristes et les fid\u00e8les venus prier ce jour-l\u00e0. Lors de cette r\u00e9ception, un reportage et une exposition consacr\u00e9s aux trois ann\u00e9es d&rsquo;existence du s\u00e9minaire seront pr\u00e9sent\u00e9s.<\/p>\n<p><\/p>","protected":false},"excerpt":{"rendered":"<p>La cons\u00e9cration solennelle de la chapelle int\u00e9rieure du S\u00e9minaire orthodoxe russe \u00e0 Epinay-sous-S\u00e9nart, d\u00e9di\u00e9e \u00e0 saint Martin et sainte Genevi\u00e8ve, aura lieu le 14 novembre 2012. Ce jour-l\u00e0 le s\u00e9minaire c\u00e9l\u00e9br\u00e9ra \u00e9galement trois ans depuis son inauguration.<\/p>\n","protected":false},"author":1,"featured_media":3430,"comment_status":"closed","ping_status":"closed","sticky":false,"template":"","format":"standard","meta":{"_jetpack_memberships_contains_paid_content":false,"footnotes":""},"categories":[1,11,5],"tags":[],"class_list":["post-3429","post","type-post","status-publish","format-standard","has-post-thumbnail","hentry","category-anunturi","category-noutati","category-stiri"],"jetpack_featured_media_url":"https:\/\/i0.wp.com\/www.ortodoxmd.eu\/wp-content\/uploads\/2012\/11\/Seminarul.jpg?fit=160%2C125&ssl=1","jetpack_shortlink":"https:\/\/wp.me\/p2NLBd-Tj","jetpack_sharing_enabled":true,"_links":{"self":[{"href":"https:\/\/www.ortodoxmd.eu\/fr\/wp-json\/wp\/v2\/posts\/3429","targetHints":{"allow":["GET"]}}],"collection":[{"href":"https:\/\/www.ortodoxmd.eu\/fr\/wp-json\/wp\/v2\/posts"}],"about":[{"href":"https:\/\/www.ortodoxmd.eu\/fr\/wp-json\/wp\/v2\/types\/post"}],"author":[{"embeddable":true,"href":"https:\/\/www.ortodoxmd.eu\/fr\/wp-json\/wp\/v2\/users\/1"}],"replies":[{"embeddable":true,"href":"https:\/\/www.ortodoxmd.eu\/fr\/wp-json\/wp\/v2\/comments?post=3429"}],"version-history":[{"count":5,"href":"https:\/\/www.ortodoxmd.eu\/fr\/wp-json\/wp\/v2\/posts\/3429\/revisions"}],"predecessor-version":[{"id":5754,"href":"https:\/\/www.ortodoxmd.eu\/fr\/wp-json\/wp\/v2\/posts\/3429\/revisions\/5754"}],"wp:featuredmedia":[{"embeddable":true,"href":"https:\/\/www.ortodoxmd.eu\/fr\/wp-json\/wp\/v2\/media\/3430"}],"wp:attachment":[{"href":"https:\/\/www.ortodoxmd.eu\/fr\/wp-json\/wp\/v2\/media?parent=3429"}],"wp:term":[{"taxonomy":"category","embeddable":true,"href":"https:\/\/www.ortodoxmd.eu\/fr\/wp-json\/wp\/v2\/categories?post=3429"},{"taxonomy":"post_tag","embeddable":true,"href":"https:\/\/www.ortodoxmd.eu\/fr\/wp-json\/wp\/v2\/tags?post=3429"}],"curies":[{"name":"wp","href":"https:\/\/api.w.org\/{rel}","templated":true}]}}