{"id":4674,"date":"2014-04-10T08:07:19","date_gmt":"2014-04-10T06:07:19","guid":{"rendered":"http:\/\/www.ortodoxmd.eu\/?p=4674"},"modified":"2015-09-25T12:53:01","modified_gmt":"2015-09-25T10:53:01","slug":"prea-sfintitul-longhin-de-la-banceni-e-in-stare-grava-sa-ne-rugam-pentru-el","status":"publish","type":"post","link":"https:\/\/www.ortodoxmd.eu\/fr\/prea-sfintitul-longhin-de-la-banceni-e-in-stare-grava-sa-ne-rugam-pentru-el\/","title":{"rendered":"(Video) Prea Sfin\u0163itul Longhin de la B\u0103nceni e \u00een stare grav\u0103! S\u0102 NE RUG\u0102M PENTRU EL"},"content":{"rendered":"<p><strong>\u201cVa rog sa spuneti tuturor sa se roage pt PS Longhin de la Banceni. E in stare f grava (posibil sa fi avut infarct sau o agravare a bolilor sale, nenumarate). Azi ar fi trebui sa fie transferat cu elicopterul sau avionul in strainatate dupa 2 saptamani de spitalizare la Cernauti. Si-a luat ramas bun de la toti ca inaintea plecarii celei din urma, era senin si impacat, trist doar pt ca nu va vedea totate lucrarile terminate in manastire, si mai ales din mila pt. oameni. Toti il jelesc deja la Banceni. Sa ne rugam Domnului pt. sanatatea sa!<\/strong>\u201c\u00a0Primit pe messenger.<\/p>\n<p>Presfin\u0163itul Longhin Jar, episcop vicar al Cern\u0103u\u0163iului, este ctitorul m\u00e2n\u0103stirii B\u0103nceni din Bucovina de Nord, actualmente \u00een Ucraina. Tot el a \u00eenfiin\u0163at \u015fi un orfelinat de copii, ajung\u00e2nd sa fie efectiv tat\u0103l adoptiv a catorva zeci dintre ei.<\/p>\n<p>\u00cen total m\u0103n\u0103stirile B\u0103nceni \u015fi Boian pe care le p\u0103store\u015fte Prea Sfin\u0163itul, au grij\u0103 de peste 400 de copii orfani. \u00cen acela\u015fi timp, vrednicul ierarh ad\u0103poste\u015fte \u015fi hr\u0103ne\u015fte, cu dragoste, pelerinii rom\u00e2ni care merg acolo sau mai departe la m\u00e2n\u0103stirile din Ucraina \u015fi Rusia.<\/p>\n<p>Toate pelerinajele spre spa\u0163iul rusesc includ, aproape obligatoriu, m\u00e2n\u0103stirea B\u0103nceni. E ca o baz\u0103 de plecare a rom\u00e2nilor spre lavrele ucrainiene \u015fi ruse\u015fti.<\/p>\n<p>ACTUALIZARE Pentru cine nu \u015ftie mai multe despre acest minunat om, recomand filmele de mai jos: \u00a0 <iframe loading=\"lazy\" src=\"\/\/www.youtube.com\/embed\/wOE8vRC0qqE\" height=\"480\" width=\"640\" allowfullscreen=\"\" frameborder=\"0\"><\/iframe> \u015ei \u00eentr-o conferin\u0163\u0103 \u00een Rom\u00e2nia\u2026 <iframe loading=\"lazy\" src=\"\/\/www.youtube.com\/embed\/TRUZAVdqdus\" height=\"480\" width=\"853\" allowfullscreen=\"\" frameborder=\"0\"><\/iframe> <iframe loading=\"lazy\" src=\"\/\/www.youtube.com\/embed\/rQxNmfuLQ0w\" height=\"480\" width=\"853\" allowfullscreen=\"\" frameborder=\"0\"><\/iframe> ACTUALIZARE Preiau un comentariu de pe Apologeticum: ionut stanciu 5 aprilie 2014 at 18:13 Doamne ajuta. Vladica Longhin este in stare grava. sa ne rugam pt. el. avut un preinfarct pe langa altele pe care le-a mai avut. acu cateva minute am vorbit la Banceni si ni s-a spus ca este transferat in Germania. Este omul lui Dumnezeu. El a spus sa ne rugam pt. mantuirea lui, nu pt. sanatate. Sa-l mai tina Dumnezeu printre noi, dar el a spus ca nu mai poate. Sursa: <a href=\"http:\/\/www.apologeticum.ro\/2014\/04\/sa-ne-rugam-pentru-ps-mihail-longhin-jar\/\">apologeticum.ro<\/a> <a href=\"http:\/\/danielvla.wordpress.com\/2014\/04\/04\/prea-sfintitul-longhin-de-la-banceni-e-in-stare-grava-sa-ne-rugam-pentru-el\/\">danielvla.wordpress.com<\/a> Dumnezeu s\u0103-l \u0163in\u0103 s\u0103n\u0103tos, c\u0103ci mul\u0163i oameni au \u00eenc\u0103 nevoie de el!<\/p>\n","protected":false},"excerpt":{"rendered":"<p class=\"qtranxs-available-languages-message qtranxs-available-languages-message-fr\">D\u00e9sol\u00e9, cet article est seulement disponible en <a href=\"https:\/\/www.ortodoxmd.eu\/ro\/wp-json\/wp\/v2\/posts\/4674\" class=\"qtranxs-available-language-link qtranxs-available-language-link-ro\" title=\"Rom\u00e2n\u0103\">Rom\u00e2n\u0103<\/a>.<\/p>\n","protected":false},"author":1,"featured_media":0,"comment_status":"closed","ping_status":"closed","sticky":false,"template":"","format":"standard","meta":{"_jetpack_memberships_contains_paid_content":false,"footnotes":""},"categories":[11,5],"tags":[],"class_list":["post-4674","post","type-post","status-publish","format-standard","hentry","category-noutati","category-stiri"],"jetpack_featured_media_url":"","jetpack_shortlink":"https:\/\/wp.me\/p2NLBd-1do","jetpack_sharing_enabled":true,"_links":{"self":[{"href":"https:\/\/www.ortodoxmd.eu\/fr\/wp-json\/wp\/v2\/posts\/4674","targetHints":{"allow":["GET"]}}],"collection":[{"href":"https:\/\/www.ortodoxmd.eu\/fr\/wp-json\/wp\/v2\/posts"}],"about":[{"href":"https:\/\/www.ortodoxmd.eu\/fr\/wp-json\/wp\/v2\/types\/post"}],"author":[{"embeddable":true,"href":"https:\/\/www.ortodoxmd.eu\/fr\/wp-json\/wp\/v2\/users\/1"}],"replies":[{"embeddable":true,"href":"https:\/\/www.ortodoxmd.eu\/fr\/wp-json\/wp\/v2\/comments?post=4674"}],"version-history":[{"count":3,"href":"https:\/\/www.ortodoxmd.eu\/fr\/wp-json\/wp\/v2\/posts\/4674\/revisions"}],"predecessor-version":[{"id":4725,"href":"https:\/\/www.ortodoxmd.eu\/fr\/wp-json\/wp\/v2\/posts\/4674\/revisions\/4725"}],"wp:attachment":[{"href":"https:\/\/www.ortodoxmd.eu\/fr\/wp-json\/wp\/v2\/media?parent=4674"}],"wp:term":[{"taxonomy":"category","embeddable":true,"href":"https:\/\/www.ortodoxmd.eu\/fr\/wp-json\/wp\/v2\/categories?post=4674"},{"taxonomy":"post_tag","embeddable":true,"href":"https:\/\/www.ortodoxmd.eu\/fr\/wp-json\/wp\/v2\/tags?post=4674"}],"curies":[{"name":"wp","href":"https:\/\/api.w.org\/{rel}","templated":true}]}}