{"id":4776,"date":"2014-04-28T15:40:10","date_gmt":"2014-04-28T13:40:10","guid":{"rendered":"http:\/\/www.ortodoxmd.eu\/?p=4776"},"modified":"2015-09-25T12:53:01","modified_gmt":"2015-09-25T10:53:01","slug":"spania-comunitatea-ortodoxa-din-madrid-va-efectua-un-pelerinaj-la-locurile-sfinte-din-aragon","status":"publish","type":"post","link":"https:\/\/www.ortodoxmd.eu\/fr\/spania-comunitatea-ortodoxa-din-madrid-va-efectua-un-pelerinaj-la-locurile-sfinte-din-aragon\/","title":{"rendered":"Spania: Comunitatea ortodox\u0103 din Madrid va efectua un pelerinaj la locurile sfinte din Aragon"},"content":{"rendered":"<p><strong>\u00cen perioada 24 \u2013 25 mai 2014, enoria\u0219ii bisericii Sf. Maria Magdalena din Madrid \u0219i din alte parohii ale Spaniei vor efectua un pelerinaj la locurile sfinte din comunitatea Aragon.<\/strong><\/p>\n<p><span style=\"text-decoration: underline;\">Programul:<\/span><\/p>\n<p><span style=\"color: #ff0000;\"><strong>S\u00c2MB\u0102T\u0102, 24 MAI<\/strong><\/span><\/p>\n<p><span style=\"color: #ff0000;\"><strong>8.30<\/strong><\/span> \u2013 Plecarea din Madrid.<\/p>\n<p><span style=\"color: #ff0000;\"><strong>13.30<\/strong><\/span> \u2013 Moleben la capul cuv. Victorian \u2013 ascet din sec. VI, \u00een biserica San Lorenzo (Huesca). Dup\u0103 pr\u00e2nz va avea loc vizitarea m\u0103n\u0103stirii din pe\u0219ter\u0103 San Juan de la Pe\u00f1a \u0219i plecarea \u00een Ainsa, unde pelerinii vor \u00eennopta.<\/p>\n<p><span style=\"color: #ff0000;\"><strong>DUMINIC\u0102, 25 MAI<\/strong><\/span><\/p>\n<p><span style=\"color: #ff0000;\"><strong>10.00<\/strong><\/span> \u2013 Sf\u00e2nta Liturghie \u00een biserica din pe\u0219ter\u0103 a cuv. Victorian. Pr\u00e2nzul. \u00cenchinarea la capul sf. muceni\u021be Orosia \u00een Yebra de Basa.<\/p>\n<p>\u00centoarcerea la Madrid.<\/p>\n<p>Costul c\u0103l\u0103toriei \u2013 150 de euros. \u00cen pre\u021b intr\u0103 transportul, m\u00e2ncarea, cazarea, excursia la m\u0103n\u0103stirea San Juan de la Pe\u00f1a.<\/p>\n<p>Doritorii de a participa la acest pelerinaj pot s\u0103 se adreseze <strong>protoiereului Andrei Cordocikin<\/strong>, parohul bisericii Sf. Maria Magdalena din Madrid: tel.<strong> (+34) 686 29 18 01<\/strong>, email: kordochkin@hotmail.com.<\/p>\n","protected":false},"excerpt":{"rendered":"<p class=\"qtranxs-available-languages-message qtranxs-available-languages-message-fr\">D\u00e9sol\u00e9, cet article est seulement disponible en <a href=\"https:\/\/www.ortodoxmd.eu\/ro\/wp-json\/wp\/v2\/posts\/4776\" class=\"qtranxs-available-language-link qtranxs-available-language-link-ro\" title=\"Rom\u00e2n\u0103\">Rom\u00e2n\u0103<\/a>.<\/p>\n","protected":false},"author":1,"featured_media":0,"comment_status":"closed","ping_status":"closed","sticky":false,"template":"","format":"standard","meta":{"_jetpack_memberships_contains_paid_content":false,"footnotes":""},"categories":[1,11,5],"tags":[],"class_list":["post-4776","post","type-post","status-publish","format-standard","hentry","category-anunturi","category-noutati","category-stiri"],"jetpack_featured_media_url":"","jetpack_shortlink":"https:\/\/wp.me\/p2NLBd-1f2","jetpack_sharing_enabled":true,"_links":{"self":[{"href":"https:\/\/www.ortodoxmd.eu\/fr\/wp-json\/wp\/v2\/posts\/4776","targetHints":{"allow":["GET"]}}],"collection":[{"href":"https:\/\/www.ortodoxmd.eu\/fr\/wp-json\/wp\/v2\/posts"}],"about":[{"href":"https:\/\/www.ortodoxmd.eu\/fr\/wp-json\/wp\/v2\/types\/post"}],"author":[{"embeddable":true,"href":"https:\/\/www.ortodoxmd.eu\/fr\/wp-json\/wp\/v2\/users\/1"}],"replies":[{"embeddable":true,"href":"https:\/\/www.ortodoxmd.eu\/fr\/wp-json\/wp\/v2\/comments?post=4776"}],"version-history":[{"count":2,"href":"https:\/\/www.ortodoxmd.eu\/fr\/wp-json\/wp\/v2\/posts\/4776\/revisions"}],"predecessor-version":[{"id":4779,"href":"https:\/\/www.ortodoxmd.eu\/fr\/wp-json\/wp\/v2\/posts\/4776\/revisions\/4779"}],"wp:attachment":[{"href":"https:\/\/www.ortodoxmd.eu\/fr\/wp-json\/wp\/v2\/media?parent=4776"}],"wp:term":[{"taxonomy":"category","embeddable":true,"href":"https:\/\/www.ortodoxmd.eu\/fr\/wp-json\/wp\/v2\/categories?post=4776"},{"taxonomy":"post_tag","embeddable":true,"href":"https:\/\/www.ortodoxmd.eu\/fr\/wp-json\/wp\/v2\/tags?post=4776"}],"curies":[{"name":"wp","href":"https:\/\/api.w.org\/{rel}","templated":true}]}}