{"id":4780,"date":"2014-04-28T17:51:41","date_gmt":"2014-04-28T15:51:41","guid":{"rendered":"http:\/\/www.ortodoxmd.eu\/?p=4780"},"modified":"2015-09-25T12:53:01","modified_gmt":"2015-09-25T10:53:01","slug":"franta-invierea-domnului-la-biserica-sf-nicolae-din-ugine","status":"publish","type":"post","link":"https:\/\/www.ortodoxmd.eu\/fr\/franta-invierea-domnului-la-biserica-sf-nicolae-din-ugine\/","title":{"rendered":"Fran\u021ba: \u00cenvierea Domnului la Biserica Sf. Nicolae din Ugine"},"content":{"rendered":"<p><strong>\u00cen data de 26 aprilie 2014, vestea \u00cenvierii Domnului a fost adus\u0103 \u0219i la comunitatea ortodox\u0103 a Bisericii Sf. Nicolae \u0219i Alexei din Ugine. <\/strong><\/p>\n<p>La aceast\u0103 biseric\u0103, fondat\u0103 \u00een 1930, se adun\u0103 cre\u0219tini ortodoc\u0219i de diferite na\u021bionalit\u0103\u021bi\u00a0: ru\u0219i, francezi, georgieni, italieni, rom\u00e2ni din regiunea Savoie (sud-estul Fran\u021bei) \u0219i din Elve\u021bia.<\/p>\n<p>Vineri seara, \u00een ajunul sfintelor s\u0103rb\u0103tori, a fost s\u0103v\u00e2r\u0219it\u0103 Utrenia pascal\u0103 cu citirea acatistului Sf\u00eentului Alexei de Ugine.<\/p>\n<p>Iar s\u00eemb\u0103t\u0103 diminea\u021ba au fost citite ceasurile pascale. Sf\u00eenta \u0219i Dumnezeiasca Liturghie a fost s\u0103v\u00e2r\u0219it\u0103 de ieromonahul Iosif Pavlinciuc.<\/p>\n<p>Procesiunea Drumului Crucii \u00een jurul bisericii a culminat cu citirea Evangheliei de \u00cenviere \u0219i cu repetarea canonului pascal.<\/p>\n<p>R\u0103spunsurile la stran\u0103 au fost efectuate de c\u0103tre monahiile de la m\u0103n\u0103stirea Acoper\u0103m\u00e2ntul Domnului din Bussie, \u00eempreun\u0103 cu monahia Valentina (Ciunciuc).<\/p>\n<p>C\u00eentarea \u201dHristos a \u00cenviat!\u201d a r\u0103sunat \u00een mai multe limbi: slavon\u0103, greac\u0103, francez\u0103, englez\u0103, georgian\u0103, rom\u00e2n\u0103.<\/p>\n<p>Dup\u0103 slujba pascal\u0103, organizatorii Christian Gros \u0219i Eugenia N. i-au invitat pe to\u021bi cei prezen\u021bi la o agap\u0103 fr\u0103\u021beasc\u0103, preg\u0103tit\u0103 \u00een restaurantul din \u00eemprejurime. Lumina \u00cenvierii a p\u0103truns \u00een inimile tuturor participan\u021bilor la aceast\u0103 slujb\u0103, fiecare r\u0103m\u00e2n\u00e2nd entuziasmat \u0219i recunosc\u0103tor lui Dumnezeu pentru bucuria s\u0103rb\u0103torii.<\/p>\n<p><strong>V\u0103 invit\u0103m s\u0103 vede\u021bi \u00een <a href=\"http:\/\/www.ortodoxmd.eu\/galerie-foto\/?wppa-album=65&amp;wppa-cover=0&amp;wppa-occur=1\">galeria foto<\/a> c\u00e2teva fotografii de la acest eveniment, efectuate de\u00a0Svetlana Egorova\u00a0<\/strong><strong>Bluewin.<\/strong><\/p>\n<p><a href=\"https:\/\/i0.wp.com\/www.ortodoxmd.eu\/wp-content\/uploads\/2014\/04\/ugine_inajundesarbatoare.jpg\"><img data-recalc-dims=\"1\" loading=\"lazy\" decoding=\"async\" class=\"alignleft wp-image-4782 size-full\" src=\"https:\/\/i0.wp.com\/www.ortodoxmd.eu\/wp-content\/uploads\/2014\/04\/ugine_inajundesarbatoare.jpg?resize=339%2C453\" alt=\"ugine_inajundesarbatoare\" width=\"339\" height=\"453\" srcset=\"https:\/\/i0.wp.com\/www.ortodoxmd.eu\/wp-content\/uploads\/2014\/04\/ugine_inajundesarbatoare.jpg?w=339&amp;ssl=1 339w, https:\/\/i0.wp.com\/www.ortodoxmd.eu\/wp-content\/uploads\/2014\/04\/ugine_inajundesarbatoare.jpg?resize=224%2C300&amp;ssl=1 224w\" sizes=\"auto, (max-width: 339px) 100vw, 339px\" \/><\/a><\/p>\n<p><a href=\"https:\/\/i0.wp.com\/www.ortodoxmd.eu\/wp-content\/uploads\/2014\/04\/ugine.jpg\"><img data-recalc-dims=\"1\" loading=\"lazy\" decoding=\"async\" class=\"alignnone wp-image-4783 size-full\" src=\"https:\/\/i0.wp.com\/www.ortodoxmd.eu\/wp-content\/uploads\/2014\/04\/ugine.jpg?resize=339%2C453\" alt=\"ugine\" width=\"339\" height=\"453\" srcset=\"https:\/\/i0.wp.com\/www.ortodoxmd.eu\/wp-content\/uploads\/2014\/04\/ugine.jpg?w=339&amp;ssl=1 339w, https:\/\/i0.wp.com\/www.ortodoxmd.eu\/wp-content\/uploads\/2014\/04\/ugine.jpg?resize=224%2C300&amp;ssl=1 224w\" sizes=\"auto, (max-width: 339px) 100vw, 339px\" \/><\/a><\/p>\n<p><strong>Mai multe fotografii &#8211; <a href=\"http:\/\/www.ortodoxmd.eu\/galerie-foto\/?wppa-album=65&amp;wppa-cover=0&amp;wppa-occur=1\">AICI<\/a>.<\/strong><\/p>\n","protected":false},"excerpt":{"rendered":"<p class=\"qtranxs-available-languages-message qtranxs-available-languages-message-fr\">D\u00e9sol\u00e9, cet article est seulement disponible en <a href=\"https:\/\/www.ortodoxmd.eu\/ro\/wp-json\/wp\/v2\/posts\/4780\" class=\"qtranxs-available-language-link qtranxs-available-language-link-ro\" title=\"Rom\u00e2n\u0103\">Rom\u00e2n\u0103<\/a>.<\/p>\n","protected":false},"author":1,"featured_media":4781,"comment_status":"closed","ping_status":"closed","sticky":false,"template":"","format":"standard","meta":{"_jetpack_memberships_contains_paid_content":false,"footnotes":""},"categories":[11,5],"tags":[],"class_list":["post-4780","post","type-post","status-publish","format-standard","has-post-thumbnail","hentry","category-noutati","category-stiri"],"jetpack_featured_media_url":"https:\/\/i0.wp.com\/www.ortodoxmd.eu\/wp-content\/uploads\/2014\/04\/IMG_2494.jpeg?fit=160%2C129&ssl=1","jetpack_shortlink":"https:\/\/wp.me\/p2NLBd-1f6","jetpack_sharing_enabled":true,"_links":{"self":[{"href":"https:\/\/www.ortodoxmd.eu\/fr\/wp-json\/wp\/v2\/posts\/4780","targetHints":{"allow":["GET"]}}],"collection":[{"href":"https:\/\/www.ortodoxmd.eu\/fr\/wp-json\/wp\/v2\/posts"}],"about":[{"href":"https:\/\/www.ortodoxmd.eu\/fr\/wp-json\/wp\/v2\/types\/post"}],"author":[{"embeddable":true,"href":"https:\/\/www.ortodoxmd.eu\/fr\/wp-json\/wp\/v2\/users\/1"}],"replies":[{"embeddable":true,"href":"https:\/\/www.ortodoxmd.eu\/fr\/wp-json\/wp\/v2\/comments?post=4780"}],"version-history":[{"count":2,"href":"https:\/\/www.ortodoxmd.eu\/fr\/wp-json\/wp\/v2\/posts\/4780\/revisions"}],"predecessor-version":[{"id":4785,"href":"https:\/\/www.ortodoxmd.eu\/fr\/wp-json\/wp\/v2\/posts\/4780\/revisions\/4785"}],"wp:featuredmedia":[{"embeddable":true,"href":"https:\/\/www.ortodoxmd.eu\/fr\/wp-json\/wp\/v2\/media\/4781"}],"wp:attachment":[{"href":"https:\/\/www.ortodoxmd.eu\/fr\/wp-json\/wp\/v2\/media?parent=4780"}],"wp:term":[{"taxonomy":"category","embeddable":true,"href":"https:\/\/www.ortodoxmd.eu\/fr\/wp-json\/wp\/v2\/categories?post=4780"},{"taxonomy":"post_tag","embeddable":true,"href":"https:\/\/www.ortodoxmd.eu\/fr\/wp-json\/wp\/v2\/tags?post=4780"}],"curies":[{"name":"wp","href":"https:\/\/api.w.org\/{rel}","templated":true}]}}