{"id":4934,"date":"2014-06-19T11:30:54","date_gmt":"2014-06-19T09:30:54","guid":{"rendered":"http:\/\/www.ortodoxmd.eu\/?p=4934"},"modified":"2015-09-25T12:53:00","modified_gmt":"2015-09-25T10:53:00","slug":"franta-slujba-de-duminica-22-iunie-la-biserica-moldoveneasca-a-cuviosului-paisie-din-paris","status":"publish","type":"post","link":"https:\/\/www.ortodoxmd.eu\/fr\/franta-slujba-de-duminica-22-iunie-la-biserica-moldoveneasca-a-cuviosului-paisie-din-paris\/","title":{"rendered":"Fran\u021ba : Slujba excep\u021bional\u0103 de duminic\u0103, 22 iunie la Biserica moldoveneasc\u0103 a cuviosului Paisie din Paris"},"content":{"rendered":"<p><em>Dragi cre\u0219tini, iubi\u0163i fra\u0163i si surori,<\/em><\/p>\n<p><strong>V\u0103 aducem la cuno\u0219tin\u021b\u0103 c\u0103 \u00een <span style=\"color: #ff0000;\">duminica<\/span> din <span style=\"color: #ff0000;\">22 iunie 2014<\/span>, Sf\u00e2nta \u0219i Dumnezeiasca Liturghie la Biserica moldoveneasc\u0103 a cuviosului Paisie din Paris va \u00eencepe la ora <span style=\"color: #ff0000;\">8.30<\/span>, deoarece la ora 11.00 suntem invita\u021bi s\u0103 vizit\u0103m parohia Sf\u00eentului Petru (Saint Pierre de Chaillot, 28 rue de Chaillot, 75016). <\/strong><\/p>\n<p>Pe locul actualei biserici \u0219i a cartierului din jur, \u00eenc\u0103 din secolul XI a existat un sat francez, biserica fiind o parohie rural\u0103. Actuala biseric\u0103 construit\u0103 pe locul celei vechi a fost sfin\u021bit\u0103 \u00een anul 1938, chiar \u00eenainte de cel de-al doilea r\u0103zboi mondial.<\/p>\n<p>Comunitatea catolic\u0103 a acestei parohii ne-a l\u0103sat s\u0103 slujim \u00een localul bisericii Notre Dame de Liesse timp de 2 ani. Paraclisul acesta fiind instalat \u00een cl\u0103direa \u0219colii sportive \u00ab\u00a0Nicolaite\u00a0\u00bb va fi demolat in iulie anul curent. Parohia \u00ab\u00a0Saint Pierre de Chaillot\u00a0\u00bb precum \u0219i asocia\u021bia sportiv\u0103 \u00ab\u00a0Nicolaite\u00a0\u00bb are scopul ca \u00een urm\u0103torii doi ani s\u0103 fie zidit un nou edificiu corespunz\u0103tor cu regulule tehnice contemporane. Despre acesta reconstruc\u021bie comunitatea franceza ne-a \u00een\u0219tiin\u021bat din start.<\/p>\n<p>Vizita noastr\u0103 este important\u0103 \u0219i va reprezenta \u0219i un gest de mul\u021bumire pentru ospitalitatea acestei comunit\u0103\u021bi fa\u021b\u0103 de comunitatea moldoveneasc\u0103 din Paris.<\/p>\n<p>S\u0103 mul\u021bumim Domnului pentru slujbele s\u0103v\u00e2r\u0219ite la paraclisul Maicii Domnului \u00ab\u00a0Bucuria tuturor sc\u00e2rbi\u021bolr\u00a0\u00bb \u0219i s\u0103 ne rug\u0103m ca \u0219i pe viitor s\u0103 ne trimit\u0103 o oportunitate, un loca\u0219 de rug\u0103ciune.<\/p>\n<p>V\u0103 multumim la to\u021bi cei ce ne-a\u021bi sus\u021binut \u00een acest timp. Domnul s\u0103 v\u0103 r\u0103spl\u0103teasc\u0103 cu darurile Sale.<\/p>\n<p><strong>V\u0103 astept\u0103m pe to\u021bi la aceast\u0103 slujb\u0103 f\u0103r\u0103 int\u00e2rziere.<\/strong><\/p>\n<p><em><strong>Cu drag ai vo\u0219tri ieromonahul Iosif, protoiereul Igor \u0219i maica Valentina.<\/strong><\/em><\/p>\n","protected":false},"excerpt":{"rendered":"<p class=\"qtranxs-available-languages-message qtranxs-available-languages-message-fr\">D\u00e9sol\u00e9, cet article est seulement disponible en <a href=\"https:\/\/www.ortodoxmd.eu\/ro\/wp-json\/wp\/v2\/posts\/4934\" class=\"qtranxs-available-language-link qtranxs-available-language-link-ro\" title=\"Rom\u00e2n\u0103\">Rom\u00e2n\u0103<\/a>.<\/p>\n","protected":false},"author":1,"featured_media":3587,"comment_status":"closed","ping_status":"closed","sticky":false,"template":"","format":"standard","meta":{"_jetpack_memberships_contains_paid_content":false,"footnotes":""},"categories":[1,11,5],"tags":[],"class_list":["post-4934","post","type-post","status-publish","format-standard","has-post-thumbnail","hentry","category-anunturi","category-noutati","category-stiri"],"jetpack_featured_media_url":"https:\/\/i0.wp.com\/www.ortodoxmd.eu\/wp-content\/uploads\/2012\/12\/Biserica_moldoveneasca.jpg?fit=160%2C139&ssl=1","jetpack_shortlink":"https:\/\/wp.me\/p2NLBd-1hA","jetpack_sharing_enabled":true,"_links":{"self":[{"href":"https:\/\/www.ortodoxmd.eu\/fr\/wp-json\/wp\/v2\/posts\/4934","targetHints":{"allow":["GET"]}}],"collection":[{"href":"https:\/\/www.ortodoxmd.eu\/fr\/wp-json\/wp\/v2\/posts"}],"about":[{"href":"https:\/\/www.ortodoxmd.eu\/fr\/wp-json\/wp\/v2\/types\/post"}],"author":[{"embeddable":true,"href":"https:\/\/www.ortodoxmd.eu\/fr\/wp-json\/wp\/v2\/users\/1"}],"replies":[{"embeddable":true,"href":"https:\/\/www.ortodoxmd.eu\/fr\/wp-json\/wp\/v2\/comments?post=4934"}],"version-history":[{"count":4,"href":"https:\/\/www.ortodoxmd.eu\/fr\/wp-json\/wp\/v2\/posts\/4934\/revisions"}],"predecessor-version":[{"id":4938,"href":"https:\/\/www.ortodoxmd.eu\/fr\/wp-json\/wp\/v2\/posts\/4934\/revisions\/4938"}],"wp:featuredmedia":[{"embeddable":true,"href":"https:\/\/www.ortodoxmd.eu\/fr\/wp-json\/wp\/v2\/media\/3587"}],"wp:attachment":[{"href":"https:\/\/www.ortodoxmd.eu\/fr\/wp-json\/wp\/v2\/media?parent=4934"}],"wp:term":[{"taxonomy":"category","embeddable":true,"href":"https:\/\/www.ortodoxmd.eu\/fr\/wp-json\/wp\/v2\/categories?post=4934"},{"taxonomy":"post_tag","embeddable":true,"href":"https:\/\/www.ortodoxmd.eu\/fr\/wp-json\/wp\/v2\/tags?post=4934"}],"curies":[{"name":"wp","href":"https:\/\/api.w.org\/{rel}","templated":true}]}}