{"id":5182,"date":"2015-01-13T11:11:23","date_gmt":"2015-01-13T09:11:23","guid":{"rendered":"http:\/\/www.ortodoxmd.eu\/?p=5182"},"modified":"2015-09-25T12:41:08","modified_gmt":"2015-09-25T10:41:08","slug":"foto-franta-nasterea-domnului-marcata-de-comunitatea-ortodoxa-a-moldovenilor-din-paris-2014","status":"publish","type":"post","link":"https:\/\/www.ortodoxmd.eu\/fr\/foto-franta-nasterea-domnului-marcata-de-comunitatea-ortodoxa-a-moldovenilor-din-paris-2014\/","title":{"rendered":"(Foto) Fran\u0163a: Na\u015fterea Domnului marcat\u0103 de comunitatea ortodox\u0103 a moldovenilor din Paris (2015)"},"content":{"rendered":"<p><strong>Comunitatea ortodox\u0103 moldoveneasc\u0103 a cuviosului Paisie de la Neam\u0163 din Paris a marcat s\u0103rb\u0103toarea Na\u015fterii Domnului \u00een biserica capelei Saint Basile, situat\u0103 la Centrul de studii ISTINA, Paris XIII.<\/strong><\/p>\n<p>Anul acesta comunitatea noastr\u0103 n-a avut posibilitate s\u0103 slujeasc\u0103 \u00een noaptea Na\u015fterii Domnului. S\u0103rb\u0103toarea a fost transferat\u0103 pe s\u00eemb\u0103t\u0103, 10 ianuarie.<\/p>\n<p>La slujb\u0103 s-au adunat o parte din enoria\u015fi, \u00eens\u0103 cu regret mul\u0163i au lipsit. Acest lucru s-a \u00eent\u00eemplat din cauza actelor teroriste ce au avut loc la Paris \u00een ultimele zile. Violen\u0163a ce s-a produs \u00een locurile publice a speriat pe multe persoane chiar s\u0103 ias\u0103 din cas\u0103. <\/p>\n<p>\u00cen timpul sfintei Liturghii, s\u0103v\u00eer\u015fit\u0103 \u00een mod solemn, to\u0163i enoria\u015fii \u015fi oaspe\u0163ii s\u0103rb\u0103torii s-au rugat \u00een special pentru pace \u015fi lini\u015fte \u00een societatea francez\u0103, \u00een \u0163\u0103rile implicate \u00een razboaie, conflicte \u015fi acte teroriste. <\/p>\n<p>Sf\u00eenta \u015fi Dumnezeiasca Liturghie a fost oficiat\u0103 de ieromonahul Iosif (Pavlinciuc) \u015fi protoiereul Igor Trofim. R\u0103spunsurile la stran\u0103 au fost date de c\u0103tre corul comunit\u0103\u0163ii dirijat de ieromonahul Nicodim (Pavlinciuc). <\/p>\n<p>Dup\u0103 slujb\u0103 au r\u0103sunat colinzi, copila\u015fii prezen\u0163i au recitat poezii \u015fi au c\u00eentat c\u00eentece de Cr\u0103ciun, primind apoi fiecare cadouri.<\/p>\n<p>La agapa fr\u0103\u0163easc\u0103 au participat \u015fi studen\u0163ii de la centrul de studii <a href=\"http:\/\/www.istina.eu\/index.php?page=presentation-2\">ISTINA<\/a> \u015fi p\u0103rintele Jacob Djeims, responsabilul adjunct al centrului ISTINA. Noi le mul\u0163umim foarte mult pentru ospitalitatea lor.<\/p>\n<p>Aceast\u0103 s\u0103rb\u0103toare a adus mult\u0103 bucurie, pace \u015fi lini\u015fte \u00een sufletele celor prezen\u0163i. Fiecare a plecat cu speran\u0163a c\u0103 Pruncul Hristos ne va ocroti de orice r\u0103u. Cuvintele din rug\u0103ciunea domneasc\u0103 \u00ab\u00a0fie voia Ta, Doamne, precum \u00een cer a\u015fa \u015fi pre p\u0103m\u00eent\u00a0\u00bb, c\u00eentate de tot poporul, ne-au \u00eent\u0103rit \u015fi ne-au \u00eencurajat mult.<\/p>\n<p><strong>Domnul s\u0103 ne fereasc\u0103 de orice primejdie \u015fi nevoie.<\/p>\n<p>S\u0103rb\u0103tori fericite!!!!<\/strong><\/p>\n<p><strong>Fotografii de la acest eveniment g\u0103si\u0163i \u00een <a href=\"http:\/\/www.ortodoxmd.eu\/galerie-foto\/?wppa-occur=1&#038;wppa-cover=0&#038;wppa-album=72\">galeria foto<\/a>. <\/strong><\/p>\n<p><strong>Mai multe despre Centrul Istina  \/ Colegiul Sf. Vasile g\u0103si\u0163i \u00een continuare:<\/strong><\/p>\n<p>Colegiul Sf\u00eentului Vasile 5 \/ le Coll\u00e8ge Saint-Basile, care \u015fi-a deschis por\u021bile \u00een septembrie 2006, este o comunitate de studen\u021bi la teologie de diferite biserici din Europa Central\u0103 \u0219i Oriental\u0103 care doresc s\u0103-\u015fi continuie studiile la Paris \u0219i care lucreaz\u0103 pentru unitatea cre\u0219tinilor. El este mo\u0219tenitorul \u00ab Seminarului rus Sf. Vasile \u00bb, fondat de dominicani \u00een 1923, \u00een cadrul c\u0103ruia s-a n\u0103scut \u00ab\u00a0Centrul dominican de Studii Ruse Istina\u00a0\u00bb, care, f\u0103r\u0103 a renun\u021ba la scopul s\u0103u ini\u021bial, \u00ee\u015fi l\u0103rge\u015fte interesele sale, cuprinz\u00eend ansamblul de \u00eentreb\u0103ri ecumenice.<\/p>\n<p>Colegiul Sf. Vasile g\u0103zduie\u015fte seminari\u0219ti trimi\u015fi de episcopii lor \u0219i ar putea, \u00een viitor, s\u0103 fie speciali\u015fti a unei mai bune \u00een\u0163elegeri \u00eentre cre\u0219tinii de Est \u0219i Vest. Colegiul nu este o institu\u021bie de formare, dar \u00een baza modelului colegiilor anglo-saxone situate pe l\u00eeng\u0103 universit\u0103\u0163i, este un loc unde tr\u0103iesc \u015fi se roag\u0103 seminari\u0219tii care au cursuri \u00een diferite facult\u0103\u021bi pariziene. Capela Colegiului d\u0103 de asemenea cre\u015ftinilor occidentali posibilitatea de a cunoa\u015fte mai bine Orientul.<\/p>\n<p>Colegiul Sf. Vasile a fost deschis oficial (14 ianuarie \/ 01 ianuarie \u00een calendarul iulian) \u00een ajunul S\u0103pt\u0103m\u00e2nii de Rug\u0103ciune pentru Unitatea Cre\u0219tinilor. Cu aceast\u0103 ocazie, arhiepiscopul Patriarhiei Moscovei din Europa de Vest,  PS Inochentie de Corsun, a prezidat Sf\u00e2nta Liturghie, \u00een prezen\u021ba Cardinalului decan al Colegiului, Arhiepiscopul Fortunato Baldelli, Nun\u021biu Apostolic \u00een Fran\u021ba, PS Francesco Follo, observator permanent al Sf\u00e2ntului Scaun la UNESCO, \u0219i mul\u021bi ortodoc\u0219i \u0219i catolici oaspe\u021bii.<\/p>\n<p>Colegiul Sf. Vasile propune membrilor s\u0103i, \u00een paralel cu studiile lor, numeroase  \u00eent\u00e2lniri cu actori ai ecumenismului. Astfel, \u00een anul 2006, Colegiul Sf. Vasile a fost primit de c\u0103tre Consiliul Pontifical pentru Unitatea Cre\u0219tinilor \u0219i a participat la reuniunile semnificative inter-ortodoxe sau inter-cre\u0219tine.<\/p>\n<p>\u00cen perioada 2007-2008, 12 seminari\u0219ti din Rusia, Rom\u00e2nia, Belarus, Grecia, Estonia, sunt primi\u0163i de Colegiu \u0219i \u00eenscri\u0219i \u00een diverse institu\u0163ii superioare pariziene.<\/p>\n<p>\u00cen perioada 2008-2009, \u0219apte seminari\u0219ti sunt g\u0103zdui\u0163i la colegiu.<\/p>\n<p>\u00cen perioada 2009-2010, patru seminari\u0219ti tr\u0103iesc la Centrul Istina.<\/p>\n","protected":false},"excerpt":{"rendered":"<p class=\"qtranxs-available-languages-message qtranxs-available-languages-message-fr\">D\u00e9sol\u00e9, cet article est seulement disponible en <a href=\"https:\/\/www.ortodoxmd.eu\/ro\/wp-json\/wp\/v2\/posts\/5182\" class=\"qtranxs-available-language-link qtranxs-available-language-link-ro\" title=\"Rom\u00e2n\u0103\">Rom\u00e2n\u0103<\/a>.<\/p>\n","protected":false},"author":1,"featured_media":5183,"comment_status":"closed","ping_status":"closed","sticky":false,"template":"","format":"standard","meta":{"_jetpack_memberships_contains_paid_content":false,"footnotes":""},"categories":[11,5],"tags":[],"class_list":["post-5182","post","type-post","status-publish","format-standard","has-post-thumbnail","hentry","category-noutati","category-stiri"],"jetpack_featured_media_url":"https:\/\/i0.wp.com\/www.ortodoxmd.eu\/wp-content\/uploads\/2015\/01\/IMG_5383a.jpg?fit=160%2C140&ssl=1","jetpack_shortlink":"https:\/\/wp.me\/p2NLBd-1lA","jetpack_sharing_enabled":true,"_links":{"self":[{"href":"https:\/\/www.ortodoxmd.eu\/fr\/wp-json\/wp\/v2\/posts\/5182","targetHints":{"allow":["GET"]}}],"collection":[{"href":"https:\/\/www.ortodoxmd.eu\/fr\/wp-json\/wp\/v2\/posts"}],"about":[{"href":"https:\/\/www.ortodoxmd.eu\/fr\/wp-json\/wp\/v2\/types\/post"}],"author":[{"embeddable":true,"href":"https:\/\/www.ortodoxmd.eu\/fr\/wp-json\/wp\/v2\/users\/1"}],"replies":[{"embeddable":true,"href":"https:\/\/www.ortodoxmd.eu\/fr\/wp-json\/wp\/v2\/comments?post=5182"}],"version-history":[{"count":7,"href":"https:\/\/www.ortodoxmd.eu\/fr\/wp-json\/wp\/v2\/posts\/5182\/revisions"}],"predecessor-version":[{"id":5192,"href":"https:\/\/www.ortodoxmd.eu\/fr\/wp-json\/wp\/v2\/posts\/5182\/revisions\/5192"}],"wp:featuredmedia":[{"embeddable":true,"href":"https:\/\/www.ortodoxmd.eu\/fr\/wp-json\/wp\/v2\/media\/5183"}],"wp:attachment":[{"href":"https:\/\/www.ortodoxmd.eu\/fr\/wp-json\/wp\/v2\/media?parent=5182"}],"wp:term":[{"taxonomy":"category","embeddable":true,"href":"https:\/\/www.ortodoxmd.eu\/fr\/wp-json\/wp\/v2\/categories?post=5182"},{"taxonomy":"post_tag","embeddable":true,"href":"https:\/\/www.ortodoxmd.eu\/fr\/wp-json\/wp\/v2\/tags?post=5182"}],"curies":[{"name":"wp","href":"https:\/\/api.w.org\/{rel}","templated":true}]}}