{"id":5579,"date":"2015-09-01T22:48:21","date_gmt":"2015-09-01T20:48:21","guid":{"rendered":"http:\/\/www.ortodoxmd.eu\/?p=5579"},"modified":"2015-09-25T12:41:06","modified_gmt":"2015-09-25T10:41:06","slug":"franta-pe-12-septembrie-va-avea-loc-sfinta-liturghie-la-amiens-la-capul-sfintului-ioan-botezatorul","status":"publish","type":"post","link":"https:\/\/www.ortodoxmd.eu\/fr\/franta-pe-12-septembrie-va-avea-loc-sfinta-liturghie-la-amiens-la-capul-sfintului-ioan-botezatorul\/","title":{"rendered":"Fran\u0163a: Pe 12 septembrie va avea loc Sf\u00eenta Liturghie la Amiens, la capul Sf\u00eentului Ioan Botez\u0103torul"},"content":{"rendered":"<p><strong>Stima\u0163i fra\u0163i \u015fi surori,<\/strong><\/p>\n<p><span style=\"color: #ff0000;\"><strong>S\u00eemb\u0103t\u0103, 12 septembrie 2015, la ora 9.30<\/strong> <\/span>va avea loc <strong>Sf\u00eenta \u015fi Dumnezeiasca Liturghie \u00een catedrala Maicii Domnului (Notre-Dame) din Amiens.<\/strong> Slujba va fi s\u0103v\u00eer\u015fit\u0103 \u00een cinsea s\u0103rb\u0103torii T\u0103ierea Capului Sf\u00eentului Ioan Botez\u0103torul (s\u0103rb\u0103toare transferat\u0103 de pe 11 septembrie).<\/p>\n<p><strong>V\u0103 invit\u0103m pe to\u0163i s\u0103 ne rug\u0103m \u00eempreun\u0103 la o mare sfin\u0163enie cre\u015ftin\u0103 \u2013 capul Sf\u00eentului Ioan Botez\u0103torul.<\/strong><\/p>\n<p><strong>Pentru informa\u0163ii suplimentare pute\u0163i s\u0103 v\u0103 adresa\u0163i p\u0103rintelui Zinovie Gombessa la tel. 06 59 24 38 30.<\/strong><\/p>\n","protected":false},"excerpt":{"rendered":"<p class=\"qtranxs-available-languages-message qtranxs-available-languages-message-fr\">D\u00e9sol\u00e9, cet article est seulement disponible en <a href=\"https:\/\/www.ortodoxmd.eu\/ro\/wp-json\/wp\/v2\/posts\/5579\" class=\"qtranxs-available-language-link qtranxs-available-language-link-ro\" title=\"Rom\u00e2n\u0103\">Rom\u00e2n\u0103<\/a>.<\/p>\n","protected":false},"author":1,"featured_media":0,"comment_status":"closed","ping_status":"closed","sticky":false,"template":"","format":"standard","meta":{"_jetpack_memberships_contains_paid_content":false,"footnotes":""},"categories":[1,11,5],"tags":[],"class_list":["post-5579","post","type-post","status-publish","format-standard","hentry","category-anunturi","category-noutati","category-stiri"],"jetpack_featured_media_url":"","jetpack_shortlink":"https:\/\/wp.me\/p2NLBd-1rZ","jetpack_sharing_enabled":true,"_links":{"self":[{"href":"https:\/\/www.ortodoxmd.eu\/fr\/wp-json\/wp\/v2\/posts\/5579","targetHints":{"allow":["GET"]}}],"collection":[{"href":"https:\/\/www.ortodoxmd.eu\/fr\/wp-json\/wp\/v2\/posts"}],"about":[{"href":"https:\/\/www.ortodoxmd.eu\/fr\/wp-json\/wp\/v2\/types\/post"}],"author":[{"embeddable":true,"href":"https:\/\/www.ortodoxmd.eu\/fr\/wp-json\/wp\/v2\/users\/1"}],"replies":[{"embeddable":true,"href":"https:\/\/www.ortodoxmd.eu\/fr\/wp-json\/wp\/v2\/comments?post=5579"}],"version-history":[{"count":1,"href":"https:\/\/www.ortodoxmd.eu\/fr\/wp-json\/wp\/v2\/posts\/5579\/revisions"}],"predecessor-version":[{"id":5580,"href":"https:\/\/www.ortodoxmd.eu\/fr\/wp-json\/wp\/v2\/posts\/5579\/revisions\/5580"}],"wp:attachment":[{"href":"https:\/\/www.ortodoxmd.eu\/fr\/wp-json\/wp\/v2\/media?parent=5579"}],"wp:term":[{"taxonomy":"category","embeddable":true,"href":"https:\/\/www.ortodoxmd.eu\/fr\/wp-json\/wp\/v2\/categories?post=5579"},{"taxonomy":"post_tag","embeddable":true,"href":"https:\/\/www.ortodoxmd.eu\/fr\/wp-json\/wp\/v2\/tags?post=5579"}],"curies":[{"name":"wp","href":"https:\/\/api.w.org\/{rel}","templated":true}]}}