{"id":5620,"date":"2015-09-15T21:30:14","date_gmt":"2015-09-15T19:30:14","guid":{"rendered":"http:\/\/www.ortodoxmd.eu\/?p=5620"},"modified":"2015-09-25T12:41:06","modified_gmt":"2015-09-25T10:41:06","slug":"bisericile-ortodoxe-au-participat-la-conferinta-ecumenica-internationala-de-spiritualitate-ortodoxa-din-bose-italia","status":"publish","type":"post","link":"https:\/\/www.ortodoxmd.eu\/fr\/bisericile-ortodoxe-au-participat-la-conferinta-ecumenica-internationala-de-spiritualitate-ortodoxa-din-bose-italia\/","title":{"rendered":"Bisericile ortodoxe au participat la Conferin\u021ba ecumenic\u0103 interna\u021bional\u0103 de spiritualitate ortodox\u0103 din Bose (Italia)."},"content":{"rendered":"<p><strong>\u00cen perioada 9 \u2013 12 septembrie 2015, la M\u0103n\u0103stirea Bose din Italia a avut loc una din cele mai prestigioase conferin\u0163e de spiritualitate ortodox\u0103 din lume, ajuns\u0103 la edi\u0163ia a XXIII-a.<\/strong><\/p>\n<p>Organizat\u0103 de fr\u0103\u0163imea m\u0103n\u0103stirii din Bose, \u00een colaborare cu Bisericile Orotodxe, conferin\u0163a a avut drept subiect principal \u00ab\u00a0Mil\u0103 \u015fi iertare\u00a0\u00bb. <\/p>\n<p>La conferint\u0103 s-au adunat reprezentan\u0163ii Bisericilor Ortodoxe Surori, Bisericii Romano-Catolice, Bisericilor Ortodoxe Orientale, Bisericii Anglicane \u015fi denomina\u0163iunilor protestante. <\/p>\n<p>Tradi\u0163ional, la lucr\u0103rile conferin\u0163ei au participat teologi \u015fi savan\u0163i din diverse institu\u0163ii teologice \u015fi centre de cercetare a Univerist\u0103\u0163ilor ortodoxe, catolice \u015fi protestante. Mai mult de 250 de membri din 33 de \u0163\u0103ri ale lumii au avut posibilitatea s\u0103 asculte prezent\u0103rile \u015fi discu\u0163iile traduse simultan \u00een 4 limbi: engleza, italiana, greaca \u015fi rusa. <\/p>\n<p>Temele \u015fi comunic\u0103rile prezentate au fost deosebit de interesante, abord\u00eend cele mai actuale probleme din punct de vedere teologic \u015fi spiritual. <\/p>\n<p>Din partea Eparhiei Corsunului la acest eveniment a participat ieromonahul Iosif Pavlinciuc, secretarul eparhial pentru oc\u00eermuirea comunit\u0103\u0163ilor moldovene\u015fti.<\/p>\n<p><strong>Mai multe inforamtii despre acest evenitment \u015fi fotografii pute\u0163i g\u0103si pe siteul <a href=\"http:\/\/www.monasterodibose.it\/fr\/hospitalite\/colloques\/colloques-spiritualite-orthodoxe\/2015-misericorde-et-pardon\">m\u0103n\u0103stirii din Bose<\/a>.<\/strong><\/p>\n","protected":false},"excerpt":{"rendered":"<p class=\"qtranxs-available-languages-message qtranxs-available-languages-message-fr\">D\u00e9sol\u00e9, cet article est seulement disponible en <a href=\"https:\/\/www.ortodoxmd.eu\/ro\/wp-json\/wp\/v2\/posts\/5620\" class=\"qtranxs-available-language-link qtranxs-available-language-link-ro\" title=\"Rom\u00e2n\u0103\">Rom\u00e2n\u0103<\/a>.<\/p>\n","protected":false},"author":1,"featured_media":5621,"comment_status":"closed","ping_status":"closed","sticky":false,"template":"","format":"standard","meta":{"_jetpack_memberships_contains_paid_content":false,"footnotes":""},"categories":[1,11,5],"tags":[],"class_list":["post-5620","post","type-post","status-publish","format-standard","has-post-thumbnail","hentry","category-anunturi","category-noutati","category-stiri"],"jetpack_featured_media_url":"https:\/\/i0.wp.com\/www.ortodoxmd.eu\/wp-content\/uploads\/2015\/09\/15_09_12_ceiso_IMG_6518-00f1d6386d.jpg?fit=175%2C133&ssl=1","jetpack_shortlink":"https:\/\/wp.me\/p2NLBd-1sE","jetpack_sharing_enabled":true,"_links":{"self":[{"href":"https:\/\/www.ortodoxmd.eu\/fr\/wp-json\/wp\/v2\/posts\/5620","targetHints":{"allow":["GET"]}}],"collection":[{"href":"https:\/\/www.ortodoxmd.eu\/fr\/wp-json\/wp\/v2\/posts"}],"about":[{"href":"https:\/\/www.ortodoxmd.eu\/fr\/wp-json\/wp\/v2\/types\/post"}],"author":[{"embeddable":true,"href":"https:\/\/www.ortodoxmd.eu\/fr\/wp-json\/wp\/v2\/users\/1"}],"replies":[{"embeddable":true,"href":"https:\/\/www.ortodoxmd.eu\/fr\/wp-json\/wp\/v2\/comments?post=5620"}],"version-history":[{"count":3,"href":"https:\/\/www.ortodoxmd.eu\/fr\/wp-json\/wp\/v2\/posts\/5620\/revisions"}],"predecessor-version":[{"id":5630,"href":"https:\/\/www.ortodoxmd.eu\/fr\/wp-json\/wp\/v2\/posts\/5620\/revisions\/5630"}],"wp:featuredmedia":[{"embeddable":true,"href":"https:\/\/www.ortodoxmd.eu\/fr\/wp-json\/wp\/v2\/media\/5621"}],"wp:attachment":[{"href":"https:\/\/www.ortodoxmd.eu\/fr\/wp-json\/wp\/v2\/media?parent=5620"}],"wp:term":[{"taxonomy":"category","embeddable":true,"href":"https:\/\/www.ortodoxmd.eu\/fr\/wp-json\/wp\/v2\/categories?post=5620"},{"taxonomy":"post_tag","embeddable":true,"href":"https:\/\/www.ortodoxmd.eu\/fr\/wp-json\/wp\/v2\/tags?post=5620"}],"curies":[{"name":"wp","href":"https:\/\/api.w.org\/{rel}","templated":true}]}}