{"id":6190,"date":"2016-01-06T10:21:30","date_gmt":"2016-01-06T08:21:30","guid":{"rendered":"http:\/\/www.ortodoxmd.eu\/?p=6190"},"modified":"2016-01-06T10:33:59","modified_gmt":"2016-01-06T08:33:59","slug":"orarul-slujbelor-cu-ocazia-sarbatorilor-de-iarna-la-catedrala-sfintilor-trei-ierarhi-din-paris","status":"publish","type":"post","link":"https:\/\/www.ortodoxmd.eu\/fr\/orarul-slujbelor-cu-ocazia-sarbatorilor-de-iarna-la-catedrala-sfintilor-trei-ierarhi-din-paris\/","title":{"rendered":"Orarul slujbelor cu ocazia s\u0103rb\u0103torilor de iarn\u0103 la Catedrala Sfin\u0163ilor Trei Ierarhi din Paris"},"content":{"rendered":"<p><span style=\"color: #ff0000;\"><strong>Na\u015fterea Domnului nostru Iisus Hristos<\/strong><\/span><\/p>\n<p><span style=\"color: #ff0000;\"><strong>Miercuri, 6 ianuarie:<\/strong><\/span><br \/>\n<strong>ora 9.00<\/strong> \u2013 Ceasurile, Sf\u00eenta Liturghie a Sf\u00eentului Vasile cel Mare cu vecernia<br \/>\n<strong>ora 18.00<\/strong> \u2013 Vecernia<br \/>\n<strong>ora 22.30<\/strong> \u2013 Sf\u00eenta Liturghie cu ocazia Sfintei s\u0103rb\u0103tori a Na\u015fterii Domnului.<br \/>\nDup\u0103 Sf\u00eenta Liturghie va avea loc agapa fr\u0103\u0163easc\u0103 de s\u0103rb\u0103toare. Mul\u0163umim tuturor pentru participare \u015fi contribu\u0163ie.<\/p>\n<p><span style=\"color: #ff0000;\"><strong>Joi, 7 ianuarie:<\/strong><\/span><br \/>\n<strong>Ora 10.00<\/strong> \u2013 Slujba de diminea\u0163a<\/p>\n<p><span style=\"color: #ff0000;\"><strong>S\u00eemb\u0103t\u0103, 9 ianuarie:<\/strong><\/span><br \/>\n<strong>Ora 9.00<\/strong> \u2013 Sf\u00eenta \u015fi Dumnezeiasca Liturghie<br \/>\n<strong>Ora 18.00<\/strong> \u2013 Privegherea de sear\u0103<\/p>\n<p><span style=\"color: #ff0000;\"><strong>Duminic\u0103, 10 ianuarie:<\/strong><\/span><br \/>\n<strong>Ora 10.00<\/strong> \u2013 Sf\u00eenta \u015fi Dumnezeiasca Liturghie<\/p>\n","protected":false},"excerpt":{"rendered":"<p class=\"qtranxs-available-languages-message qtranxs-available-languages-message-fr\">D\u00e9sol\u00e9, cet article est seulement disponible en <a href=\"https:\/\/www.ortodoxmd.eu\/ro\/wp-json\/wp\/v2\/posts\/6190\" class=\"qtranxs-available-language-link qtranxs-available-language-link-ro\" title=\"Rom\u00e2n\u0103\">Rom\u00e2n\u0103<\/a>.<\/p>\n","protected":false},"author":1,"featured_media":4386,"comment_status":"open","ping_status":"open","sticky":false,"template":"","format":"standard","meta":{"_jetpack_memberships_contains_paid_content":false,"footnotes":""},"categories":[1,11,5],"tags":[],"class_list":["post-6190","post","type-post","status-publish","format-standard","has-post-thumbnail","hentry","category-anunturi","category-noutati","category-stiri"],"jetpack_featured_media_url":"https:\/\/i0.wp.com\/www.ortodoxmd.eu\/wp-content\/uploads\/2013\/12\/Trei-Ierarhi-Paris.jpg?fit=150%2C150&ssl=1","jetpack_shortlink":"https:\/\/wp.me\/p2NLBd-1BQ","jetpack_sharing_enabled":true,"_links":{"self":[{"href":"https:\/\/www.ortodoxmd.eu\/fr\/wp-json\/wp\/v2\/posts\/6190","targetHints":{"allow":["GET"]}}],"collection":[{"href":"https:\/\/www.ortodoxmd.eu\/fr\/wp-json\/wp\/v2\/posts"}],"about":[{"href":"https:\/\/www.ortodoxmd.eu\/fr\/wp-json\/wp\/v2\/types\/post"}],"author":[{"embeddable":true,"href":"https:\/\/www.ortodoxmd.eu\/fr\/wp-json\/wp\/v2\/users\/1"}],"replies":[{"embeddable":true,"href":"https:\/\/www.ortodoxmd.eu\/fr\/wp-json\/wp\/v2\/comments?post=6190"}],"version-history":[{"count":3,"href":"https:\/\/www.ortodoxmd.eu\/fr\/wp-json\/wp\/v2\/posts\/6190\/revisions"}],"predecessor-version":[{"id":6200,"href":"https:\/\/www.ortodoxmd.eu\/fr\/wp-json\/wp\/v2\/posts\/6190\/revisions\/6200"}],"wp:featuredmedia":[{"embeddable":true,"href":"https:\/\/www.ortodoxmd.eu\/fr\/wp-json\/wp\/v2\/media\/4386"}],"wp:attachment":[{"href":"https:\/\/www.ortodoxmd.eu\/fr\/wp-json\/wp\/v2\/media?parent=6190"}],"wp:term":[{"taxonomy":"category","embeddable":true,"href":"https:\/\/www.ortodoxmd.eu\/fr\/wp-json\/wp\/v2\/categories?post=6190"},{"taxonomy":"post_tag","embeddable":true,"href":"https:\/\/www.ortodoxmd.eu\/fr\/wp-json\/wp\/v2\/tags?post=6190"}],"curies":[{"name":"wp","href":"https:\/\/api.w.org\/{rel}","templated":true}]}}