{"id":7570,"date":"2018-06-08T18:49:27","date_gmt":"2018-06-08T16:49:27","guid":{"rendered":"http:\/\/www.ortodoxmd.eu\/?p=7570"},"modified":"2018-06-08T18:58:49","modified_gmt":"2018-06-08T16:58:49","slug":"la-paris-va-avea-loc-festivalul-ziua-ortodoxiei","status":"publish","type":"post","link":"https:\/\/www.ortodoxmd.eu\/fr\/la-paris-va-avea-loc-festivalul-ziua-ortodoxiei\/","title":{"rendered":"La Journ\u00e9e de l\u2019orthodoxie \u00e0 Paris &#8211; 9 juin 2018"},"content":{"rendered":"<p>La Journ\u00e9e de l\u2019orthodoxie 2018, organis\u00e9e par l\u2019Assembl\u00e9e des \u00e9v\u00eaques orthodoxes de France aura lieu demain, le samedi 9 juin \u00e0 Paris.<\/p>\n<p>Elle commencera par la divine liturgie conc\u00e9l\u00e9br\u00e9e \u00e0 partir de 9h45 en la cath\u00e9drale grecque Saint-\u00c9tienne 7, rue Georges Bizet<\/p>\n<p>Et se poursuivra au Centre spirituel russe (1 quai Branly, 75007 Paris).<\/p>\n<p>En effet, au cours de cette ann\u00e9e \u00e0 la fois les institutions gouvernementales et les institutions religieuses sont appel\u00e9es \u00e0 une r\u00e9flexions sur les questions bio\u00e9thiques qui vont \u00eatres trait\u00e9es par voie l\u00e9gislative selon les promesses du programme du pr\u00e9sident de la R\u00e9publique.<\/p>\n<p>Trouvez le programme de la journ\u00e9e ci-dessous.<br \/>\n<a href=\"http:\/\/www.ortodoxmd.eu\/?attachment_id=7571\" rel=\"attachment wp-att-7571\"><img data-recalc-dims=\"1\" loading=\"lazy\" decoding=\"async\" src=\"https:\/\/i0.wp.com\/www.ortodoxmd.eu\/wp-content\/uploads\/2018\/06\/%D1%8D%D0%BA%D1%80%D0%B0%D0%BD%D0%B0-2018-06-04-%D0%B2-13.39.05.800x1000w.png?resize=640%2C905\" alt=\"\" width=\"640\" height=\"905\" class=\"aligncenter size-full wp-image-7571\" srcset=\"https:\/\/i0.wp.com\/www.ortodoxmd.eu\/wp-content\/uploads\/2018\/06\/%D1%8D%D0%BA%D1%80%D0%B0%D0%BD%D0%B0-2018-06-04-%D0%B2-13.39.05.800x1000w.png?w=707&amp;ssl=1 707w, https:\/\/i0.wp.com\/www.ortodoxmd.eu\/wp-content\/uploads\/2018\/06\/%D1%8D%D0%BA%D1%80%D0%B0%D0%BD%D0%B0-2018-06-04-%D0%B2-13.39.05.800x1000w.png?resize=212%2C300&amp;ssl=1 212w\" sizes=\"auto, (max-width: 640px) 100vw, 640px\" \/><\/a><\/p>","protected":false},"excerpt":{"rendered":"<p>La Journ\u00e9e de l\u2019orthodoxie 2018, organis\u00e9e par l\u2019Assembl\u00e9e des \u00e9v\u00eaques orthodoxes de France aura lieu demain, le samedi 9 juin \u00e0 Paris.<\/p>\n","protected":false},"author":1,"featured_media":7572,"comment_status":"open","ping_status":"open","sticky":false,"template":"","format":"standard","meta":{"_jetpack_memberships_contains_paid_content":false,"footnotes":""},"categories":[1,11,5],"tags":[],"class_list":["post-7570","post","type-post","status-publish","format-standard","has-post-thumbnail","hentry","category-anunturi","category-noutati","category-stiri"],"jetpack_featured_media_url":"https:\/\/i0.wp.com\/www.ortodoxmd.eu\/wp-content\/uploads\/2018\/06\/%D1%8D%D0%BA%D1%80%D0%B0%D0%BD%D0%B0-2018-06-04-%D0%B2-13.39.37.800x800.png?fit=160%2C128&ssl=1","jetpack_shortlink":"https:\/\/wp.me\/p2NLBd-1Y6","jetpack_sharing_enabled":true,"_links":{"self":[{"href":"https:\/\/www.ortodoxmd.eu\/fr\/wp-json\/wp\/v2\/posts\/7570","targetHints":{"allow":["GET"]}}],"collection":[{"href":"https:\/\/www.ortodoxmd.eu\/fr\/wp-json\/wp\/v2\/posts"}],"about":[{"href":"https:\/\/www.ortodoxmd.eu\/fr\/wp-json\/wp\/v2\/types\/post"}],"author":[{"embeddable":true,"href":"https:\/\/www.ortodoxmd.eu\/fr\/wp-json\/wp\/v2\/users\/1"}],"replies":[{"embeddable":true,"href":"https:\/\/www.ortodoxmd.eu\/fr\/wp-json\/wp\/v2\/comments?post=7570"}],"version-history":[{"count":4,"href":"https:\/\/www.ortodoxmd.eu\/fr\/wp-json\/wp\/v2\/posts\/7570\/revisions"}],"predecessor-version":[{"id":7576,"href":"https:\/\/www.ortodoxmd.eu\/fr\/wp-json\/wp\/v2\/posts\/7570\/revisions\/7576"}],"wp:featuredmedia":[{"embeddable":true,"href":"https:\/\/www.ortodoxmd.eu\/fr\/wp-json\/wp\/v2\/media\/7572"}],"wp:attachment":[{"href":"https:\/\/www.ortodoxmd.eu\/fr\/wp-json\/wp\/v2\/media?parent=7570"}],"wp:term":[{"taxonomy":"category","embeddable":true,"href":"https:\/\/www.ortodoxmd.eu\/fr\/wp-json\/wp\/v2\/categories?post=7570"},{"taxonomy":"post_tag","embeddable":true,"href":"https:\/\/www.ortodoxmd.eu\/fr\/wp-json\/wp\/v2\/tags?post=7570"}],"curies":[{"name":"wp","href":"https:\/\/api.w.org\/{rel}","templated":true}]}}