{"id":9854,"date":"2021-05-05T10:30:09","date_gmt":"2021-05-05T08:30:09","guid":{"rendered":"https:\/\/www.ortodoxmd.eu\/?p=9854"},"modified":"2021-05-05T10:30:09","modified_gmt":"2021-05-05T08:30:09","slug":"pastorala-inaltpreasfintitului-antonie-mitropolitul-corsunului-si-al-europei-occidentale","status":"publish","type":"post","link":"https:\/\/www.ortodoxmd.eu\/fr\/pastorala-inaltpreasfintitului-antonie-mitropolitul-corsunului-si-al-europei-occidentale\/","title":{"rendered":"Message pascale de Son \u00c9minence Antoine, m\u00e9tropolite de Cherson\u00e8se et d\u2019Europe occidentale"},"content":{"rendered":"<p><\/p>\n<div style=\"text-align: center;\"><strong>MESSAGE PASCAL<br \/>\nde Son \u00c9minence ANTOINE,<br \/>\nM\u00e9tropolite de Cherson\u00e8se et d\u2019Europe occidentale,<br \/>\nexarque du patriarche en Europe occidentale<\/strong><\/div>\n<div><\/div>\n<div style=\"text-align: center;\"><em>\u00c9minences, v\u00e9n\u00e9rables pr\u00eatres, moines et moniales,<br \/>\nchers fr\u00e8res et s\u0153urs\u00a0!<\/em><\/div>\n<div><\/div>\n<div>\u00a0 \u00a0 \u00a0 \u00a0 \u00a0 De tout mon c\u0153ur je vous f\u00e9licite \u00e0 l\u2019occasion de la grande et radieuse f\u00eate de la P\u00e2que du Seigneur ! De nouveau, le Sauveur du monde nous a permis d\u2019atteindre ce jour saint et promis, et d\u2019entendre la salutation pascale par laquelle \u00a0\u2013\u00a0saisi de liesse \u2013 je m\u2019adresse \u00e0 vous tous\u00a0:<strong>\u00a0\u00a0Le Christ est ressuscit\u00e9 !En\u00a0v\u00e9rit\u00e9\u00a0Il\u00a0est\u00a0ressuscit\u00e9\u00a0!<\/strong><\/p>\n<p>Ayant parcouru avec le Seigneur le chemin des derniers jours de Sa vie terrestre, nous sommes d\u00e9sormais plac\u00e9s devant la Vivifiante Grotte, d\u2019o\u00f9 a jailli la lumi\u00e8re du salut. La magnificence de Dieu a vaincu le mal qui a clou\u00e9 le Sauveur sur la Croix. L\u2019amour du Christ s\u2019est av\u00e9r\u00e9 plus fort que la mort m\u00eame. La largesse du P\u00e8re c\u00e9leste s\u2019est abondamment r\u00e9pandue sur tous les Hommes, ouvrant \u00e0 chacun les portes du Royaume \u00e9ternel. Il ne peut y avoir davantage de joie que celle qui nous associe \u00e9troitement et activement \u00e0 cette Grande Victoire qui, d\u2019apr\u00e8s l\u2019Ap\u00f4tre, a vaincu le monde et a lib\u00e9r\u00e9 la cr\u00e9ation du sceau oppressant\u00a0 des p\u00e9ch\u00e9s\u00a0!\n<\/p><\/div>\n<div>\u00a0\u00a0\u00a0\u00a0\u00a0\u00a0\u00a0\u00a0\u00a0Malheureusement, cette ann\u00e9e encore, nous c\u00e9l\u00e9brons la f\u00eate radieuse de P\u00e2ques dans des conditions difficiles. La pand\u00e9mie continue \u00e0 se propager, elle repr\u00e9sente toujours un danger pour notre sant\u00e9 et affecte tous les aspects de notre vie, m\u00eame les plus ordinaires, m\u00eame la libre fr\u00e9quentation de la maison de Dieu et la participation aux offices.<\/div>\n<div>\nEn ce jour de la f\u00eate de la R\u00e9surrection radieuse du Christ, prions avec audace et une esp\u00e9rance inextinguible Celui qui par Sa mort a vaincu la mort, notre Sauveur, pour la prompte cessation de la pand\u00e9mie. Prions pour les m\u00e9decins qui luttent contre la maladie, pour les malades et pour la consolation de ceux qui sont endeuill\u00e9s par la disparition de leurs proches.<\/p>\n<p>Encore une fois, je vous f\u00e9licite tous, chers \u00e9minences, p\u00e8res, fr\u00e8res et s\u0153urs, \u00e0 l\u2019occasion de la P\u00e2que du Seigneur, et je vous souhaite sant\u00e9 in\u00e9branlable, paix et joie radieuse dans le Christ ressuscit\u00e9\u00a0!<\/p><\/div>\n<div><\/div>\n<div style=\"text-align: center;\"><span style=\"color: #ff0000;\"><strong>Le Christ est ressuscit\u00e9 !En v\u00e9rit\u00e9 Il est ressuscit\u00e9 !<\/strong><\/span><\/div>\n<div style=\"text-align: center;\">\n<strong>\u00a0\u00a0\u00a0\u00a0\u00a0\u00a0<em>+ANTOINE<\/em>,<\/strong><br \/>\n<strong>M\u00e9tropolite de Cherson\u00e8se et d\u2019Europe occidentale,\u00a0<\/strong><br \/>\n<strong>exarque du patriarche en Europe occidentale<\/strong><\/div>\n<p><\/p>","protected":false},"excerpt":{"rendered":"<p>De nouveau, le Sauveur du monde nous a permis d\u2019atteindre ce jour saint et promis, et d\u2019entendre la salutation pascale par laquelle \u00a0\u2013\u00a0saisi de liesse \u2013 je m\u2019adresse \u00e0 vous tous\u00a0:\u00a0\u00a0Le Christ est ressuscit\u00e9 !En\u00a0v\u00e9rit\u00e9\u00a0Il\u00a0est\u00a0ressuscit\u00e9\u00a0!<\/p>\n","protected":false},"author":1,"featured_media":9855,"comment_status":"open","ping_status":"open","sticky":false,"template":"","format":"standard","meta":{"_jetpack_memberships_contains_paid_content":false,"footnotes":""},"categories":[1,11,10,5],"tags":[],"class_list":["post-9854","post","type-post","status-publish","format-standard","has-post-thumbnail","hentry","category-anunturi","category-noutati","category-predici","category-stiri"],"jetpack_featured_media_url":"https:\/\/i0.wp.com\/www.ortodoxmd.eu\/wp-content\/uploads\/2021\/05\/Antonie_Paste2021.jpg?fit=800%2C478&ssl=1","jetpack_shortlink":"https:\/\/wp.me\/p2NLBd-2yW","jetpack_sharing_enabled":true,"_links":{"self":[{"href":"https:\/\/www.ortodoxmd.eu\/fr\/wp-json\/wp\/v2\/posts\/9854","targetHints":{"allow":["GET"]}}],"collection":[{"href":"https:\/\/www.ortodoxmd.eu\/fr\/wp-json\/wp\/v2\/posts"}],"about":[{"href":"https:\/\/www.ortodoxmd.eu\/fr\/wp-json\/wp\/v2\/types\/post"}],"author":[{"embeddable":true,"href":"https:\/\/www.ortodoxmd.eu\/fr\/wp-json\/wp\/v2\/users\/1"}],"replies":[{"embeddable":true,"href":"https:\/\/www.ortodoxmd.eu\/fr\/wp-json\/wp\/v2\/comments?post=9854"}],"version-history":[{"count":4,"href":"https:\/\/www.ortodoxmd.eu\/fr\/wp-json\/wp\/v2\/posts\/9854\/revisions"}],"predecessor-version":[{"id":9859,"href":"https:\/\/www.ortodoxmd.eu\/fr\/wp-json\/wp\/v2\/posts\/9854\/revisions\/9859"}],"wp:featuredmedia":[{"embeddable":true,"href":"https:\/\/www.ortodoxmd.eu\/fr\/wp-json\/wp\/v2\/media\/9855"}],"wp:attachment":[{"href":"https:\/\/www.ortodoxmd.eu\/fr\/wp-json\/wp\/v2\/media?parent=9854"}],"wp:term":[{"taxonomy":"category","embeddable":true,"href":"https:\/\/www.ortodoxmd.eu\/fr\/wp-json\/wp\/v2\/categories?post=9854"},{"taxonomy":"post_tag","embeddable":true,"href":"https:\/\/www.ortodoxmd.eu\/fr\/wp-json\/wp\/v2\/tags?post=9854"}],"curies":[{"name":"wp","href":"https:\/\/api.w.org\/{rel}","templated":true}]}}