{"id":2221,"date":"2011-12-14T22:27:18","date_gmt":"2011-12-14T20:27:18","guid":{"rendered":"http:\/\/www.ortodoxmd.eu\/?p=2221"},"modified":"2015-09-25T15:48:28","modified_gmt":"2015-09-25T13:48:28","slug":"homelie-pour-le-jour-du-26eme-dimanche-apres-le-pentecote","status":"publish","type":"post","link":"https:\/\/www.ortodoxmd.eu\/ru\/homelie-pour-le-jour-du-26eme-dimanche-apres-le-pentecote\/","title":{"rendered":"Hom\u00e9lie pour le jour du 26\u00e8me dimanche apr\u00e8s le Pentec\u00f4te"},"content":{"rendered":"<p align=\"right\"><strong>\u00ab\u00a0La foule se r\u00e9jouissait de toutes les choses glorieuses qu&#8217;il faisait\u00a0\u00bb Lc. 13. 17.<\/strong><\/p>\n<p><strong>Dans l\u2019\u00e9vangile d\u2019aujourd\u2019hui nous avons entendu un des faits miracles de notre Seigneur J\u00e9sus Christ. Une femme courb\u00e9e depuis 18 ans fut gu\u00e9rie par J\u00e9sus dans une synagogue o\u00f9 il pr\u00eachait le jour du sabbat. Le chef de la synagogue manifesta son indignation, la femme remercia Dieu, la foule exultait de joie r\u00e9jouissaient. Quelle est la le\u00e7on que nous transmet l\u2019\u00e9vangile d\u2019aujourd\u2019hui\u00a0? Quelle est notre place dans ce miracle\u00a0? Comment agirions-nous\u00a0?<\/strong><\/p>\n<p>Du premier regard, il ne soul\u00e8ve aucune contradiction de notre part. Nous somme d\u2019accord avec la libre attitude de J\u00e9sus envers le sabbat, nous remercions Dieu avec la femme et nous r\u00e9jouissons avec la foule. Nous somme pr\u00eat \u00e0 accuser l\u2019hypocrisie du pharisien. Mais en r\u00e9alit\u00e9, il nous arrive couramment de l\u2019imiter. Nous sommes facilement choqu\u00e9s par toutes les bonnes \u0153uvres qui ne sont pas faites \u00ab\u00a0selon les r\u00e8gles\u00a0\u00bb, c\u2019est-\u00e0-dire selon ce que nous-m\u00eames consid\u00e9rons comme les r\u00e8gles indispensables. Nous sommes pr\u00eats \u00e0 accuser chaque personne qui r\u00e9agit diff\u00e9remment de nous.\u00a0 Nous jugeons selon notre propre point de vue. Surtout en France o\u00f9 nous sommes habitu\u00e9s \u00e0 une libert\u00e9 de pens\u00e9e et de parole sans limite. Nous avons la tentation de d\u00e9nigrer et de condamner tout ce qui n\u2019est pas notre, tous ce qui ne correspond pas \u00e0 nos habitudes, \u00e0 nos coutumes. Quelle choc pour nous si Dieu jugera autrement.<\/p>\n<p>Le saint ap\u00f4tre Paul dans l\u2019\u00e9pitre d\u2019aujourd\u2019hui aux Eph\u00e9siens s\u2019exclame\u00a0: \u00ab\u00a0R\u00e9veille-toi, toi qui dors, Rel\u00e8ve-toi d&#8217;entre les morts, Et Christ t&#8217;\u00e9clairera\u00a0\u00bb. Et plus haut, il dit encore\u00a0: \u00ab\u00a0Autrefois vous \u00e9tiez t\u00e9n\u00e8bres, et maintenant vous \u00eates lumi\u00e8re dans le Seigneur. Marchez comme des enfants de lumi\u00e8re!\u00a0\u00bb. Notre attention est attir\u00e9e sur le contraste entre nos propres t\u00e9n\u00e8bres et la lumi\u00e8re divine, entre ce que nous croyons d\u2019\u00eatre et ce que nous sommes vraiment. \u00ab\u00a0Prenez donc garde de vous conduire avec circonspection, non comme des insens\u00e9s, mais comme des sages; rachetez le temps, car les jours sont mauvais\u00a0\u00bb.<\/p>\n<p>L\u2019expression \u00ab\u00a0rachetez le temps\u00a0\u00bb signifie\u00a0: saisir et mettre \u00e0 profit au maximum le moment pr\u00e9sent. Il faut chercher \u00e0 faire le bien, et surmonter tous les obstacles comme\u00a0: le jour du sabbat, les r\u00e8gles humaines, notre origine sociale, notre situation professionnelle ou notre niveau d\u2019\u00e9ducation. Pourquoi\u00a0? \u00ab\u00a0Car le fruit de la lumi\u00e8re consiste en toute sorte de bont\u00e9, de justice et de v\u00e9rit\u00e9\u00a0\u00bb. Nous admirons les bienfaits de la vie spirituelle, nous voulons les acqu\u00e9rir et pour ceci il nous faut suivre l\u2019enseignement de notre Seigneur J\u00e9sus Christ, imiter la vie dela M\u00e8rede Dieu e de tous les Saints.\u00a0Mais, pour arriver \u00e0 ce niveau, nous devrons, \u00e9galement, nourrir notre \u00e2me \u00a0\u00ab\u00a0par des psaumes, par des hymnes, et par des cantiques spirituels, chantant et c\u00e9l\u00e9brant de tout notre c\u0153ur les louanges du Seigneur\u00a0\u00bb. Amen.<\/p>\n","protected":false},"excerpt":{"rendered":"<p class=\"qtranxs-available-languages-message qtranxs-available-languages-message-ru\">Sorry, this entry is only available in Romanian.<\/p>\n","protected":false},"author":1,"featured_media":0,"comment_status":"closed","ping_status":"closed","sticky":false,"template":"","format":"standard","meta":{"_jetpack_memberships_contains_paid_content":false,"footnotes":""},"categories":[11,10],"tags":[],"class_list":["post-2221","post","type-post","status-publish","format-standard","hentry","category-noutati","category-predici"],"jetpack_featured_media_url":"","jetpack_shortlink":"https:\/\/wp.me\/p2NLBd-zP","jetpack_sharing_enabled":true,"_links":{"self":[{"href":"https:\/\/www.ortodoxmd.eu\/ru\/wp-json\/wp\/v2\/posts\/2221","targetHints":{"allow":["GET"]}}],"collection":[{"href":"https:\/\/www.ortodoxmd.eu\/ru\/wp-json\/wp\/v2\/posts"}],"about":[{"href":"https:\/\/www.ortodoxmd.eu\/ru\/wp-json\/wp\/v2\/types\/post"}],"author":[{"embeddable":true,"href":"https:\/\/www.ortodoxmd.eu\/ru\/wp-json\/wp\/v2\/users\/1"}],"replies":[{"embeddable":true,"href":"https:\/\/www.ortodoxmd.eu\/ru\/wp-json\/wp\/v2\/comments?post=2221"}],"version-history":[{"count":3,"href":"https:\/\/www.ortodoxmd.eu\/ru\/wp-json\/wp\/v2\/posts\/2221\/revisions"}],"predecessor-version":[{"id":5881,"href":"https:\/\/www.ortodoxmd.eu\/ru\/wp-json\/wp\/v2\/posts\/2221\/revisions\/5881"}],"wp:attachment":[{"href":"https:\/\/www.ortodoxmd.eu\/ru\/wp-json\/wp\/v2\/media?parent=2221"}],"wp:term":[{"taxonomy":"category","embeddable":true,"href":"https:\/\/www.ortodoxmd.eu\/ru\/wp-json\/wp\/v2\/categories?post=2221"},{"taxonomy":"post_tag","embeddable":true,"href":"https:\/\/www.ortodoxmd.eu\/ru\/wp-json\/wp\/v2\/tags?post=2221"}],"curies":[{"name":"wp","href":"https:\/\/api.w.org\/{rel}","templated":true}]}}