{"id":2282,"date":"2011-12-22T03:05:02","date_gmt":"2011-12-22T01:05:02","guid":{"rendered":"http:\/\/www.ortodoxmd.eu\/?p=2282"},"modified":"2015-09-25T15:48:27","modified_gmt":"2015-09-25T13:48:27","slug":"colinda-6","status":"publish","type":"post","link":"https:\/\/www.ortodoxmd.eu\/ru\/colinda-6\/","title":{"rendered":"Hai sa mergem frate draga"},"content":{"rendered":"<p>Hai s\u0103 mergem frate drag\u0103<br \/>\nCas\u0103 de la cas\u0103<br \/>\nS\u0103 c\u00eent\u0103m pe la ferestre<br \/>\nColinda cea aleas\u0103<\/p>\n<p>Ast\u0103zi nou\u0103 ni se na\u015fte<br \/>\nFiul m\u00eentuirii<br \/>\nNu-n palate aurite<br \/>\nCi \u00een s\u0103r\u0103cie<\/p>\n<p>Era noapte \u00eentunecoas\u0103<br \/>\n\u00cengerii c\u00eentar\u0103<br \/>\nTurma-n treag\u0103 cu p\u0103storii<br \/>\nDin somn o scular\u0103<\/p>\n<p>N-au dormit atunci p\u0103storii<br \/>\nRepede plecar\u0103<br \/>\nCelui nou n\u0103scut Iisus<br \/>\nI se \u00eenchinar\u0103<\/p>\n<p>Irod zice: \u201e Nu la mine<br \/>\nSe na\u015fte copilul<br \/>\nTrebuie citit proorocii<br \/>\nCum arat\u0103 stitul\u201d<\/p>\n<p>\u015ei au trimis la c\u0103rturari<br \/>\n\u015ei la farisei<br \/>\nPe ora\u015ful Vifleem<br \/>\nAr\u0103tar\u0103\u00a0 ei.<\/p>\n","protected":false},"excerpt":{"rendered":"<p class=\"qtranxs-available-languages-message qtranxs-available-languages-message-ru\">Sorry, this entry is only available in Romanian.<\/p>\n","protected":false},"author":1,"featured_media":0,"comment_status":"closed","ping_status":"closed","sticky":false,"template":"","format":"standard","meta":{"_jetpack_memberships_contains_paid_content":false,"footnotes":""},"categories":[14,6],"tags":[],"class_list":["post-2282","post","type-post","status-publish","format-standard","hentry","category-colinde","category-rugaciuni"],"jetpack_featured_media_url":"","jetpack_shortlink":"https:\/\/wp.me\/p2NLBd-AO","jetpack_sharing_enabled":true,"_links":{"self":[{"href":"https:\/\/www.ortodoxmd.eu\/ru\/wp-json\/wp\/v2\/posts\/2282","targetHints":{"allow":["GET"]}}],"collection":[{"href":"https:\/\/www.ortodoxmd.eu\/ru\/wp-json\/wp\/v2\/posts"}],"about":[{"href":"https:\/\/www.ortodoxmd.eu\/ru\/wp-json\/wp\/v2\/types\/post"}],"author":[{"embeddable":true,"href":"https:\/\/www.ortodoxmd.eu\/ru\/wp-json\/wp\/v2\/users\/1"}],"replies":[{"embeddable":true,"href":"https:\/\/www.ortodoxmd.eu\/ru\/wp-json\/wp\/v2\/comments?post=2282"}],"version-history":[{"count":4,"href":"https:\/\/www.ortodoxmd.eu\/ru\/wp-json\/wp\/v2\/posts\/2282\/revisions"}],"predecessor-version":[{"id":5869,"href":"https:\/\/www.ortodoxmd.eu\/ru\/wp-json\/wp\/v2\/posts\/2282\/revisions\/5869"}],"wp:attachment":[{"href":"https:\/\/www.ortodoxmd.eu\/ru\/wp-json\/wp\/v2\/media?parent=2282"}],"wp:term":[{"taxonomy":"category","embeddable":true,"href":"https:\/\/www.ortodoxmd.eu\/ru\/wp-json\/wp\/v2\/categories?post=2282"},{"taxonomy":"post_tag","embeddable":true,"href":"https:\/\/www.ortodoxmd.eu\/ru\/wp-json\/wp\/v2\/tags?post=2282"}],"curies":[{"name":"wp","href":"https:\/\/api.w.org\/{rel}","templated":true}]}}