{"id":5436,"date":"2015-04-30T20:09:54","date_gmt":"2015-04-30T18:09:54","guid":{"rendered":"http:\/\/www.ortodoxmd.eu\/?p=5436"},"modified":"2015-09-25T12:41:07","modified_gmt":"2015-09-25T10:41:07","slug":"fotos-franta-invierea-domnului-la-biserica-sf-serafim-de-sarov-din-montgeron","status":"publish","type":"post","link":"https:\/\/www.ortodoxmd.eu\/ru\/fotos-franta-invierea-domnului-la-biserica-sf-serafim-de-sarov-din-montgeron\/","title":{"rendered":"(Fotos) Fran\u0163a: \u00cenvierea Domnului la Biserica Sf. Serafim de Sarov din Montgeron"},"content":{"rendered":"<p><strong>S\u0103rb\u0103toarea \u00cenvierii Domnului a fost marcat\u0103 \u015fi \u00een acest an cu mare festivitate la comunitatea Bisericii Cuviosului Serafim de Sarov din Montgeron.<\/strong><\/p>\n<p><strong>\u00a0<\/strong>Sf\u00eenta Liturghie Pascal\u0103 a \u00eenceput conform tipiconului la ora 23.30 \u015fi a fost s\u0103v\u00eer\u015fit\u0103 de ieromonahul Nicodim (Pavlinciuc), responsabilul bisericii \u015fi ieromonahul Ioann (Baron). Giulgiul a fost dus \u00een altar de p\u0103rin\u0163i \u015fi pus pe prestol, simboliz\u00eend ridicarea din morm\u00eentul d\u0103t\u0103tor de via\u0163\u0103 \u015fi \u00cenvierea lui Hristos.<\/p>\n<p>Drumul Crucii a \u00eenceput cu aprinderea candelelor, l\u0103mpilor, lum\u00een\u0103rilor de la candela principal\u0103 de pe prestol, ca simbol al luminii lui Hristos \u015fi a Focului Sf\u00eent. Enoria\u015fii, cu umilin\u0163a sfin\u0163eniei \u015fi cu \u00eenc\u00eentare, av\u00eend lum\u00een\u0103rile aprinse, sub dang\u0103tul clopotelor \u015fi c\u00eentarea &#171;Invierea Ta, Hristoase Mantuitorule, ingerii o lauda in ceruri&#8230;\u201d, au urmat cu o procesiune triumfal\u0103 \u00een jurul bisericii.<\/p>\n<p>Clerul s-a oprit apoi \u00een fa\u0163a u\u015fii centrale a bisericii, ca \u015fi cum ar fi fost \u00een fa\u0163a u\u015fii morm\u00eentului lui Hristos, unde a \u015fi r\u0103sunat cu mare bucurie troparul-imn \u201eHristos a \u00cenviat!\u201d<\/p>\n<p>Biserica a devenit ne\u00eenc\u0103p\u0103toare, numero\u015fi cre\u015ftini r\u0103m\u00een\u00eend afar\u0103. Dar datorit\u0103 amplific\u0103rii sunetului to\u0163i au reu\u015fit s\u0103 asculte \u015fi s\u0103 participe la sf\u00eenta Liturghie pascal\u0103.<\/p>\n<p>Conform tradi\u0163iei ruse\u015fti, Privegherea pascal\u0103 a fost s\u0103v\u00eer\u015fit\u0103 \u00een mijlocul bisericii cu t\u0103m\u00eeerea la fiecare c\u00eentare a canonului. Cuvintele catehetice ale Sf\u00eentului Ioan Gur\u0103 de Aur au fost citite \u00een rus\u0103, rom\u00e2n\u0103, francez\u0103, iar Evanghelia a fost citit\u0103 \u00een 13 limbi, de c\u0103tre reprezentan\u0163ii aproape a tuturor na\u0163ionalit\u0103\u0163ilor a comunit\u0103\u0163ii noastre numeroase \u015fi multina\u0163ionale.<\/p>\n<p>Sfin\u0163irea bucatelor de Pa\u015fti, a ou\u0103leor, p\u0103scu\u0163elor a avut loc \u00een jurul bisericii. Dup\u0103 slujb\u0103 to\u0163i au fost invita\u0163i la agapa de s\u0103rb\u0103toare pascal\u0103.<\/p>\n<p>Enoria\u015fii bisericii aduc mari mul\u0163umiri p\u0103rin\u0163ilor no\u015ftri dragi,\u00a0ieromonahilor Nicodim \u015fi Ioann, responsabilei corului Irina Fanina \u015fi \u00eentregului cor, administratoarei Xenia Savici, slujitorilor altarului \u015fi tuturor care au contribuit la \u00eenfrumuse\u0163area bisericii \u015fi a mesei de s\u0103rb\u0103toare, tuturor care s-au adunat la rug\u0103ciune \u015fi au \u00eemp\u0103rt\u0103\u015fit \u00eempreun\u0103 bucuria pascal\u0103.<\/p>\n<p><a href=\"https:\/\/i0.wp.com\/www.ortodoxmd.eu\/wp-content\/uploads\/2015\/04\/IMG_1646.jpg\"><img data-recalc-dims=\"1\" loading=\"lazy\" decoding=\"async\" class=\"aligncenter size-large wp-image-5437\" src=\"https:\/\/i0.wp.com\/www.ortodoxmd.eu\/wp-content\/uploads\/2015\/04\/IMG_1646-1024x683.jpg?resize=400%2C267\" alt=\"IMG_1646\" width=\"400\" height=\"267\" srcset=\"https:\/\/i0.wp.com\/www.ortodoxmd.eu\/wp-content\/uploads\/2015\/04\/IMG_1646.jpg?w=1024&amp;ssl=1 1024w, https:\/\/i0.wp.com\/www.ortodoxmd.eu\/wp-content\/uploads\/2015\/04\/IMG_1646.jpg?resize=300%2C200&amp;ssl=1 300w\" sizes=\"auto, (max-width: 400px) 100vw, 400px\" \/><\/a><\/p>\n<p><a href=\"https:\/\/i0.wp.com\/www.ortodoxmd.eu\/wp-content\/uploads\/2015\/04\/IMG_1703.jpg\"><img data-recalc-dims=\"1\" loading=\"lazy\" decoding=\"async\" class=\"aligncenter size-large wp-image-5438\" src=\"https:\/\/i0.wp.com\/www.ortodoxmd.eu\/wp-content\/uploads\/2015\/04\/IMG_1703-1024x683.jpg?resize=400%2C267\" alt=\"IMG_1703\" width=\"400\" height=\"267\" srcset=\"https:\/\/i0.wp.com\/www.ortodoxmd.eu\/wp-content\/uploads\/2015\/04\/IMG_1703.jpg?w=1024&amp;ssl=1 1024w, https:\/\/i0.wp.com\/www.ortodoxmd.eu\/wp-content\/uploads\/2015\/04\/IMG_1703.jpg?resize=300%2C200&amp;ssl=1 300w\" sizes=\"auto, (max-width: 400px) 100vw, 400px\" \/><\/a><\/p>\n<p><a href=\"https:\/\/i0.wp.com\/www.ortodoxmd.eu\/wp-content\/uploads\/2015\/04\/IMG_1734.jpg\"><img data-recalc-dims=\"1\" loading=\"lazy\" decoding=\"async\" class=\"aligncenter size-large wp-image-5439\" src=\"https:\/\/i0.wp.com\/www.ortodoxmd.eu\/wp-content\/uploads\/2015\/04\/IMG_1734-1024x683.jpg?resize=400%2C267\" alt=\"IMG_1734\" width=\"400\" height=\"267\" srcset=\"https:\/\/i0.wp.com\/www.ortodoxmd.eu\/wp-content\/uploads\/2015\/04\/IMG_1734.jpg?w=1024&amp;ssl=1 1024w, https:\/\/i0.wp.com\/www.ortodoxmd.eu\/wp-content\/uploads\/2015\/04\/IMG_1734.jpg?resize=300%2C200&amp;ssl=1 300w\" sizes=\"auto, (max-width: 400px) 100vw, 400px\" \/><\/a><\/p>\n<p><a href=\"https:\/\/i0.wp.com\/www.ortodoxmd.eu\/wp-content\/uploads\/2015\/04\/IMG_1525.jpg\"><img data-recalc-dims=\"1\" loading=\"lazy\" decoding=\"async\" class=\"aligncenter size-large wp-image-5440\" src=\"https:\/\/i0.wp.com\/www.ortodoxmd.eu\/wp-content\/uploads\/2015\/04\/IMG_1525-1024x683.jpg?resize=400%2C267\" alt=\"IMG_1525\" width=\"400\" height=\"267\" srcset=\"https:\/\/i0.wp.com\/www.ortodoxmd.eu\/wp-content\/uploads\/2015\/04\/IMG_1525.jpg?w=1024&amp;ssl=1 1024w, https:\/\/i0.wp.com\/www.ortodoxmd.eu\/wp-content\/uploads\/2015\/04\/IMG_1525.jpg?resize=300%2C200&amp;ssl=1 300w\" sizes=\"auto, (max-width: 400px) 100vw, 400px\" \/><\/a><\/p>\n<p><strong>Mai multe fotografii de la acest eveniment g\u0103si\u0163i \u00een <a href=\"http:\/\/www.ortodoxmd.eu\/galerie-foto\/?wppa-occur=1&amp;wppa-cover=0&amp;wppa-album=77\">galeria foto<\/a>.<\/strong><\/p>\n<p><span style=\"color: #ff0000;\"><strong>Hristos a \u00cenviat!<\/strong><\/span><\/p>\n","protected":false},"excerpt":{"rendered":"<p class=\"qtranxs-available-languages-message qtranxs-available-languages-message-ru\">Sorry, this entry is only available in Romanian.<\/p>\n","protected":false},"author":1,"featured_media":5441,"comment_status":"closed","ping_status":"closed","sticky":false,"template":"","format":"standard","meta":{"_jetpack_memberships_contains_paid_content":false,"footnotes":""},"categories":[1,11,5],"tags":[],"class_list":["post-5436","post","type-post","status-publish","format-standard","has-post-thumbnail","hentry","category-anunturi","category-noutati","category-stiri"],"jetpack_featured_media_url":"https:\/\/i0.wp.com\/www.ortodoxmd.eu\/wp-content\/uploads\/2015\/04\/IMG_1841.jpg?fit=160%2C131&ssl=1","jetpack_shortlink":"https:\/\/wp.me\/p2NLBd-1pG","jetpack_sharing_enabled":true,"_links":{"self":[{"href":"https:\/\/www.ortodoxmd.eu\/ru\/wp-json\/wp\/v2\/posts\/5436","targetHints":{"allow":["GET"]}}],"collection":[{"href":"https:\/\/www.ortodoxmd.eu\/ru\/wp-json\/wp\/v2\/posts"}],"about":[{"href":"https:\/\/www.ortodoxmd.eu\/ru\/wp-json\/wp\/v2\/types\/post"}],"author":[{"embeddable":true,"href":"https:\/\/www.ortodoxmd.eu\/ru\/wp-json\/wp\/v2\/users\/1"}],"replies":[{"embeddable":true,"href":"https:\/\/www.ortodoxmd.eu\/ru\/wp-json\/wp\/v2\/comments?post=5436"}],"version-history":[{"count":4,"href":"https:\/\/www.ortodoxmd.eu\/ru\/wp-json\/wp\/v2\/posts\/5436\/revisions"}],"predecessor-version":[{"id":5445,"href":"https:\/\/www.ortodoxmd.eu\/ru\/wp-json\/wp\/v2\/posts\/5436\/revisions\/5445"}],"wp:featuredmedia":[{"embeddable":true,"href":"https:\/\/www.ortodoxmd.eu\/ru\/wp-json\/wp\/v2\/media\/5441"}],"wp:attachment":[{"href":"https:\/\/www.ortodoxmd.eu\/ru\/wp-json\/wp\/v2\/media?parent=5436"}],"wp:term":[{"taxonomy":"category","embeddable":true,"href":"https:\/\/www.ortodoxmd.eu\/ru\/wp-json\/wp\/v2\/categories?post=5436"},{"taxonomy":"post_tag","embeddable":true,"href":"https:\/\/www.ortodoxmd.eu\/ru\/wp-json\/wp\/v2\/tags?post=5436"}],"curies":[{"name":"wp","href":"https:\/\/api.w.org\/{rel}","templated":true}]}}